{"id":823,"date":"2023-03-03T22:01:06","date_gmt":"2023-03-03T22:01:06","guid":{"rendered":"https:\/\/luisalen.com\/?p=823"},"modified":"2023-03-25T22:02:50","modified_gmt":"2023-03-25T22:02:50","slug":"a-oscuras","status":"publish","type":"post","link":"https:\/\/luisalen.com\/?p=823","title":{"rendered":"A oscuras"},"content":{"rendered":"\n<p>Mientras la Capital Federal y una buena parte de la provincia de Buenos Aires quedaban a oscuras, en parte por alguna quema intencional de campos y en parte por el fracaso del manejo del servicio p\u00fablico de energ\u00eda en manos de empresas privadas, el Presidente daba su discurso de apertura de las sesiones legislativas y la oposici\u00f3n mostraba su verdadero rostro de intolerante, insultante, discriminadora, mentirosa.&nbsp;<\/p>\n\n\n\n<p>No es que el recorrido de Alberto por lo hecho en sus tres a\u00f1os de gesti\u00f3n despierte adhesiones entusiastas. Muchos de sus votantes est\u00e1n seguramente m\u00e1s preocupados por lo que no se hizo que por lo que el gobierno llev\u00f3 adelante. Es cierto que debi\u00f3 enfrentarse a circunstancias excepcionales, como la pandemia y luego la guerra entre Rusia y Ucrania. Pero tambi\u00e9n lo es que la tantas veces anunciada guerra contra la inflaci\u00f3n y los especuladores hasta ahora no arroj\u00f3 m\u00e1s que derrotas. Y el bolsillo de la gente lo sabe.<\/p>\n\n\n\n<p>Pero no fue ese el motivo de los insultos y destratos que despleg\u00f3 la oposici\u00f3n cavern\u00edcola. Lo que los enfureci\u00f3 fue la mejor parte del discurso. La que Alberto dedic\u00f3 al Poder Judicial y sus autoridades m\u00e1ximas. Que las mejores espadas de nuestra derecha, las que consiguieron m\u00e1s victorias contra el odiado populismo y sus l\u00edderes, fuera expuesta con toda crudeza por un Presidente que no se caracteriza por la firmeza result\u00f3 intolerable para los croma\u00f1ones que aspiran a retornar al gobierno a fines de este a\u00f1o, para seguir adelante con sus planes de esclavizar al pueblo para gloria de sus mandantes, los detentadores el poder econ\u00f3mico.<\/p>\n\n\n\n<p>Que Alberto haya descripto la cantidad de tropel\u00edas llevadas adelante por la tropa comandada por la dupla Ro-Ro, que asist\u00eda imp\u00e1vida al acto, es lo que llev\u00f3 al paroxismo a los representantes de la oposici\u00f3n, tal vez porque se sienten parte de esas tropel\u00edas. \u00bfQui\u00e9n sino nuestra derecha fue favorecida por fallos como el relativo a la integraci\u00f3n del Consejo de la Magistratura, despu\u00e9s de casi diecis\u00e9is a\u00f1os de siesta del expediente? \u00bfO el que favoreci\u00f3 a la ciudad de Buenos Aires, en desmedro de las veintitr\u00e9s provincias?&nbsp;&nbsp;<\/p>\n\n\n\n<p>Tambi\u00e9n les molest\u00f3 que el Presidente les recordara que el armador de sus mesas en las que coincid\u00edan -y lo siguen haciendo- jueces, fiscales, esp\u00edas, funcionarios y empleados de empresas de medios est\u00e1 disfrutando de su rebeld\u00eda aqu\u00ed nom\u00e1s, en Punta del Este, acaso protegido por un gobierno oriental que se siente m\u00e1s a gusto con quienes favorecen a los poderosos que con los que predican la justicia social y la equitativa distribuci\u00f3n de las riquezas.<\/p>\n\n\n\n<p>Y por supuesto, el enojo lleg\u00f3 a un punto \u00e1lgido cuando Alberto record\u00f3 la persecuci\u00f3n judicial contra Cristina y destac\u00f3 que el fallo en su contra es, hablando en t\u00e9rminos jur\u00eddicos, el absurdo llevado casi a su m\u00e1xima expresi\u00f3n y que solo es comprensible si se lo mira con el cristal de la voluntad de proscribir a la Vicepresidenta, aunque el Presidente haya hablado de su inhabilitaci\u00f3n, que es lo mismo aunque con otras palabras.<\/p>\n\n\n\n<p>Insultos como los de Fernando Iglesias, que no solo reiter\u00f3 su conocida aversi\u00f3n por las mujeres al agredir a la diputada Moreau sino que con su mejor cara de piedra mand\u00f3 a Alberto a estudiar derecho. Ocurre que es sabido que si algo sabe el Presidente es derecho y sobre todo, el penal del cual hace a\u00f1os que es profesor, mientras que el diputado de Neanderthal solo cuenta en su legajo con el t\u00edtulo de entrenador de v\u00f3ley y con un casi record: ning\u00fan proyecto presentado en su trayectoria de legislador.<\/p>\n\n\n\n<p>Adem\u00e1s de Iglesias, m\u00faltiples dirigentes de la oposici\u00f3n vociferaron que todo lo dicho por Fern\u00e1ndez no era m\u00e1s que un conjunto de mentiras. Justo ellos, que si en algo se destacan es en despreciar la verdad. A ellos se sumaron, como era de esperar, los m\u00e1ximos cultores de la noticia falsa, la desinformaci\u00f3n y los discursos de odio.&nbsp; El 01\/03\/2023 Andr\u00e9s Malamud dice que el Presidente pas\u00f3 \u201c<em>De moderado a energ\u00fameno en 120 minutos<\/em>\u201d. Moderado es una de esas palabras con variados significados: es tanto <em>el que guarda el medio entre los extremos, como el que no es extremista, o como en el siglo XIX espa\u00f1ol, el seguidor de un partido liberal que propugnaba la moderaci\u00f3n en las reformas y el mantenimiento del principio de autoridad<\/em>. Mientras que energ\u00fameno es <em>una persona pose\u00edda por el demonio, o una persona furiosa, alborotada<\/em>.<\/p>\n\n\n\n<p>\u00bfPensar\u00e1 Malamud que Alberto pas\u00f3 de liberal a pose\u00eddo? Todo es posible en las p\u00e1ginas (gr\u00e1ficas o virtuales) del diario de don Bartolo. Lo cierto es que seg\u00fan el escriba, \u201c<em>de una imaginativa enunciaci\u00f3n de \u00e9xitos, el Presidente sali\u00f3 de Disneylandia y se subi\u00f3 al ring. Sus blancos fueron el gobierno anterior y la Justicia. A su antecesor lo culp\u00f3 por los desaguisados econ\u00f3micos, pero tambi\u00e9n donde le duele m\u00e1s: el espionaje con fines pol\u00edticos y la tentativa de nombrar dos jueces por decreto. Casualmente eran los que estaban ah\u00ed sentados, listos para ser humillados por el cerco medi\u00e1tico de la televisi\u00f3n p\u00fablica<\/em>\u201d. Caramba. Si no fuera que la public\u00f3 <strong><em>LA NACI\u00d3N<\/em><\/strong>, uno podr\u00eda alabar lo acertado de la descripci\u00f3n de lo que le duele a la derecha. Que es lo que usualmente hace, causar desastres econ\u00f3micos, espiar indebidamente, violentar la Constituci\u00f3n para imponer jueces amigos.<\/p>\n\n\n\n<p>El 02\/03\/2023, una editorial abre el fuego para la Tribuna de Doctrina: \u201c<em>Otro relato presidencial que abri\u00f3 m\u00e1s grietas<\/em>\u201d. Como si la grieta no existiera desde tiempos pret\u00e9ritos, alimentada siempre por la derecha a la que sirve desde siempre el pasqu\u00edn de los MitreSaguier.<\/p>\n\n\n\n<p>\u201c<em>En su mensaje a la Asamblea Legislativa, Alberto Fern\u00e1ndez recurri\u00f3 a falacias y a arteros ataques a la Justicia para complacer a Cristina Kirchner<\/em>\u201d, cuenta el editorialista, reiterando un argumento ya gastado: que todo lo que hace el Presidente es para que la Reina Mal\u00e9fica no lo rete. Aburren. Agrega que Alberto \u201c<em>dijo que hay una estructura de medios, jueces y pol\u00edticos opositores que act\u00faan de manera coordinada, apuntalada por servicios de inteligencia, obviando que \u00e9l mismo bas\u00f3 un mensaje por la cadena nacional en chats obtenidos de manera ilegal<\/em>\u201d. Hilando fino, uno podr\u00eda entender que el escriba no niega ni la existencia de la estructura ni la de los chats. Solo dice que estos fueron obtenidos de manera ilegal, cosa que hasta la fecha no ha sido acreditada. Nadie sabe c\u00f3mo se obtuvieron las conversaciones que muestran que lo afirmado por el Presidente es nada m\u00e1s que un dato de la realidad, aunque todo parece indicar que eso ocurri\u00f3 como un episodio m\u00e1s de la guerra interna de <em>Juntos por el Cambio<\/em>.<\/p>\n\n\n\n<p>Al editorialista lo sigue el servicial Pablo Sirv\u00e9n, que habla de un \u201c<em>Fusilamiento medi\u00e1tico, en vivo y en directo<\/em>\u201d (02\/03\/2023). Despu\u00e9s de recordar los fusilamientos de los torturadores de Batista por el reci\u00e9n triunfante Fidel Castro, Sirv\u00e9n los equipar\u00f3 con la palabra presidencial: \u201c<em>La metralla verbal contra la Corte Suprema en el flam\u00edgero discurso de Alberto Fern\u00e1ndez ante la Asamblea Legislativa, busc\u00f3 ser un fusilamiento medi\u00e1tico, agravado por estar presentes en el recinto sus dos representantes m\u00e1ximos<\/em>\u201d. Alberto no dijo nada nuevo. En realidad, Sirv\u00e9n deber\u00eda haber dicho que los que estaban presentes eran los responsables m\u00e1ximos del descr\u00e9dito del Poder Judicial.<\/p>\n\n\n\n<p>Pero no. Sirv\u00e9n prefiri\u00f3 destacar que \u201c<em>Horacio Rosatti y Carlos Rosenkrantz jugaron a las estatuas. Si tenemos m\u00e1s de 30 m\u00fasculos en la cara, ellos procuraron no mover ninguno<\/em>\u201d, cosa que a nadie deber\u00eda sorprender porque si algo caracteriza al presidente y vice de los cortesanos es la dureza a toda prueba de sus semblantes.<\/p>\n\n\n\n<p>Cerremos la breve rese\u00f1a con la columna del inefable y omnipresente Joaqu\u00edn Morales Sol\u00e1. El 02\/03\/2023 se refiere a la \u201c<em>Lamentable diatriba de un Presidente que fue<\/em>\u201d. El t\u00edtulo nos indica que para el escriba el mandato de Alberto ya termin\u00f3. La consecuencia l\u00f3gica es que cree -como siempre crey\u00f3- que no hay que hacerle ning\u00fan caso al Presidente por m\u00e1s que el per\u00edodo reci\u00e9n concluya el pr\u00f3ximo 10 de diciembre.<\/p>\n\n\n\n<p>De movida, la columna es claramente agresiva contra el primer mandatario. \u201c<em>Si no hubiera sido por los minutos en que Alberto Fern\u00e1ndez se convirti\u00f3 en un hombre violento y desaforado para referirse a la Corte Suprema y a la Justicia en general, su \u00faltimo discurso ante la Asamblea Legislativa habr\u00eda dormido a los legisladores y a los argentinos que se animaron a verlo por televisi\u00f3n<\/em>\u201d. Si para Malamud el Presidente pas\u00f3 de moderado a energ\u00fameno, para Morales lo hizo de aburrido a violento. Es claro que para el columnista estrella de la <em>Tribuna de Doctrina<\/em>, criticar a los cortesanos y al Poder Judicial es algo inaceptable.&nbsp;<\/p>\n\n\n\n<p>\u201c<em>La rabiosa embestida contra la Corte Suprema de Justicia por sus recientes fallos (la coparticipaci\u00f3n de la Capital Federal y la inconstitucionalidad del Consejo de la Magistratura) delante de los propios jueces de ese tribunal \u2013a quienes no se priv\u00f3 de se\u00f1alar con su perenne dedo-, exhibieron a un presidente que perdi\u00f3 la dignidad de un jefe del Estado, a un mandatario tan enmara\u00f1ados en sus extrav\u00edos que solo profundiz\u00f3 su descr\u00e9dito social<\/em>\u201d, dice Morales. No se preocupa por la claridad en la redacci\u00f3n, porque ni siquiera estos cortesanos se animaron a declarar inconstitucional al Consejo de la Magistratura; y la verdad es que si algo debe rescatarse del discurso presidencial es que haya dicho claramente que los cortesanos juegan un rol decisivo en la pol\u00edtica turbia de nuestra derecha.<\/p>\n\n\n\n<p>Es claro el llamado de Morales a desconocer la autoridad presidencial: el discurso \u201c<em>Fue un acto de brutal humillaci\u00f3n no a dos jueces, sino al Poder Judicial en su conjunto. Eso es lo que pone fin de hecho a la gesti\u00f3n de Alberto Fern\u00e1ndez, aunque le queden todav\u00eda diez meses de mandato presidencial<\/em>\u201d. Esa es la idea de nuestra derecha de c\u00f3mo se cuida a la Rep\u00fablica y a sus instituciones: protegiendo a quienes violentan la Constituci\u00f3n y no cumplen con su funci\u00f3n -que es lo que estos cortesanos, y otros jueces, vienen haciendo casi sistem\u00e1ticamente-, y desconociendo a quien fue electo por el voto popular para cumplir un mandato que no concluye por la voluntad de un empleado de los medios sino porque se agot\u00f3 su per\u00edodo. Aunque no estemos de acuerdo con la forma en que gobierna.<\/p>\n\n\n\n<p>El gran mentiroso se queja de que Alberto \u201c<em>Minti\u00f3 sin rubor. Dijo, por ejemplo, que bajo su mandato nunca se hab\u00eda perseguido a periodistas. Debe record\u00e1rsele que su gobierno denunci\u00f3 penalmente a dos periodistas, con probables condenas de c\u00e1rcel, por revelar que existe una \u2018mesa militar\u2019 en los servicios de inteligencia del Estado, seg\u00fan una denuncia de la oposici\u00f3n<\/em>\u201d. Lo dice en defensa propia, porque se refiere a s\u00ed mismo y a Daniel Santoro. Claro que para ser periodista no basta con trabajar en un diario, es algo mucho m\u00e1s profundo. Morales Sol\u00e1 y Santoro no son periodistas. Son empleados de los medios. No fueron detenidos ni sometidos a largo tiempo de privaci\u00f3n de su libertad, como ocurri\u00f3 con los due\u00f1os de C5N durante el macrismo que tanto alaba el columnista. \u00bfDefendi\u00f3 Morales a esos presos, o se alegr\u00f3 de que se los detuviera?<\/p>\n\n\n\n<p>Morales se pregunta: \u201c\u00bfC\u00f3mo se supo que existi\u00f3 una supuesta conversaci\u00f3n telef\u00f3nica entre el ministro de Justicia y Seguridad de la Capital en uso de licencia, Marcelo D\u2019Alessandro, y el m\u00e1s cercano colaborador del juez Rosatti, Silvio Robles?\u201d. Deber\u00eda preguntar entre sus amigos (o patrones) de Juntos por el Cambio. Eso s\u00ed, no se priva de se\u00f1alar que \u201c<em>Esa conversaci\u00f3n fue desechada por el juez Sebasti\u00e1n Ramos, quien se neg\u00f3 a investigar una causa bas\u00e1ndose en un hecho ilegal, como es la intervenci\u00f3n de tel\u00e9fonos privados<\/em>\u201d. Eso s\u00ed, nada dice de que ese mismo juez, que neg\u00f3 conocer al ministro licenciado, figura en otras conversaciones donde, oh casualidad, se trata amistosamente con D\u2019Alessandro y le agradece la provisi\u00f3n de veh\u00edculos.&nbsp; No se trata de defender al gobierno. Ni a su Presidente. Se trata simplemente de poner las cosas en claro, de decir qui\u00e9n miente y a qui\u00e9n sirven sus mentiras. De rechazar que los que nunca creyeron en la democracia ni en las instituciones se presenten como defensores de la Rep\u00fablica. De poner, en estos d\u00edas, un poco de claridad en las cosas. Que la sociedad est\u00e1 cansada de andar a oscuras.<\/p>\n","protected":false},"excerpt":{"rendered":"<p>Mientras la Capital Federal y una buena parte de la provincia de Buenos Aires quedaban&#8230;<\/p>\n","protected":false},"author":1,"featured_media":0,"comment_status":"open","ping_status":"open","sticky":false,"template":"","format":"standard","meta":{"footnotes":""},"categories":[17],"tags":[],"class_list":["post-823","post","type-post","status-publish","format-standard","hentry","category-contra-mitre"],"_links":{"self":[{"href":"https:\/\/luisalen.com\/index.php?rest_route=\/wp\/v2\/posts\/823","targetHints":{"allow":["GET"]}}],"collection":[{"href":"https:\/\/luisalen.com\/index.php?rest_route=\/wp\/v2\/posts"}],"about":[{"href":"https:\/\/luisalen.com\/index.php?rest_route=\/wp\/v2\/types\/post"}],"author":[{"embeddable":true,"href":"https:\/\/luisalen.com\/index.php?rest_route=\/wp\/v2\/users\/1"}],"replies":[{"embeddable":true,"href":"https:\/\/luisalen.com\/index.php?rest_route=%2Fwp%2Fv2%2Fcomments&post=823"}],"version-history":[{"count":1,"href":"https:\/\/luisalen.com\/index.php?rest_route=\/wp\/v2\/posts\/823\/revisions"}],"predecessor-version":[{"id":824,"href":"https:\/\/luisalen.com\/index.php?rest_route=\/wp\/v2\/posts\/823\/revisions\/824"}],"wp:attachment":[{"href":"https:\/\/luisalen.com\/index.php?rest_route=%2Fwp%2Fv2%2Fmedia&parent=823"}],"wp:term":[{"taxonomy":"category","embeddable":true,"href":"https:\/\/luisalen.com\/index.php?rest_route=%2Fwp%2Fv2%2Fcategories&post=823"},{"taxonomy":"post_tag","embeddable":true,"href":"https:\/\/luisalen.com\/index.php?rest_route=%2Fwp%2Fv2%2Ftags&post=823"}],"curies":[{"name":"wp","href":"https:\/\/api.w.org\/{rel}","templated":true}]}}