{"id":827,"date":"2023-03-24T22:10:06","date_gmt":"2023-03-24T22:10:06","guid":{"rendered":"https:\/\/luisalen.com\/?p=827"},"modified":"2023-03-25T22:10:38","modified_gmt":"2023-03-25T22:10:38","slug":"cuarenta-y-siete","status":"publish","type":"post","link":"https:\/\/luisalen.com\/?p=827","title":{"rendered":"Cuarenta y siete"},"content":{"rendered":"\n<p>Son, en efecto, cuarenta y siete los a\u00f1os que pasaron desde aquel funesto 24 de marzo de 1976 cuando un grupo de asesinos se apoderaba del gobierno y transformaba al Estado todo en terrorista. Era un final largamente anunciado, el del gobierno de Mar\u00eda Estela Mart\u00ednez de Per\u00f3n. Ya desde comienzos de 1975, el gobierno mostraba su debilidad y ced\u00eda a las presiones del poder f\u00e1ctico. Celestino Rodrigo,&nbsp; apoyado por Jos\u00e9 L\u00f3pez Rega, asumi\u00f3&nbsp; el Ministerio de Econom\u00eda el 2 de junio de 1975 e implement\u00f3 un plan de ajuste con devaluaci\u00f3n y alza brutal de los precios.<\/p>\n\n\n\n<p>La respuesta popular no se hizo esperar: la CGT y las 62 Organizaciones declararon la huelga y las movilizaciones exigieron la salida del gobierno de Rodrigo y L\u00f3pez Rega, que se produjo el 15 de julio, cuando <em>el Brujo<\/em> se fue a Espa\u00f1a y Rodrigo renunci\u00f3. Quienes hab\u00edan aplaudido la pol\u00edtica de shock del <em>Rodrigazo<\/em>, como el Consejo Empresario Argentino que presid\u00eda Jos\u00e9 Alfredo Mart\u00ednez de Hoz, entendieron que para lograr sus fines necesitar\u00edan disciplinar a la sociedad mediante el terror.<\/p>\n\n\n\n<p>Con el gobierno como un barco sin tim\u00f3n, falto de respuestas ante la violencia desatada contra las disidencias que hab\u00eda cobrado cerca de mil quinientas v\u00edctimas, entregado el manejo de la lucha contra las organizaciones guerrilleras a las Fuerzas Armadas -que ya hab\u00edan instalado centros clandestinos de detenci\u00f3n y exterminio y producidas innumerables muertes y desapariciones-, fracasado en su pol\u00edtica econ\u00f3mica, el paro decretado por las organizaciones del sector agrario y la pr\u00e9dica destituyente de los grandes medios crearon el marco para el derrocamiento de la viuda de Per\u00f3n.<\/p>\n\n\n\n<p>La convicci\u00f3n de que para llevar adelante el desmantelamiento del Estado, la reducci\u00f3n feroz de los salarios, el endeudamiento externo del pa\u00eds,&nbsp; la reducci\u00f3n de los sectores de la industria nacional y el complejo de medidas proyectadas para <em>reorganizar <\/em>el pa\u00eds se necesitaba un modelo represivo que lo hiciera viable, hizo que las Fuerzas Armadas establecieran una directiva ultrasecreta &#8211;<em>N\u00b0 404\/75<\/em>&#8211; que fue distribuida el 17 de octubre de 1975 y que diagramaba el futuro accionar genocida.<\/p>\n\n\n\n<p>El 24 de marzo de 1976 esa pol\u00edtica se pon\u00eda en pr\u00e1ctica con el golpe de Estado y ese mismo d\u00eda la ferocidad represiva comenz\u00f3 a cobrarse v\u00edctimas, como el Teniente Coronel\u00ae Bernardo Alberte, ex edec\u00e1n y ex delegado pol\u00edtico de Per\u00f3n, arrojado desde la ventana del sexto piso del edificio en donde viv\u00eda.<\/p>\n\n\n\n<p>Una serie de bandos militares, reproducidos por las radios y las emisoras de televisi\u00f3n, anunciaban la modificaci\u00f3n de la legislaci\u00f3n penal, que inclu\u00eda la pena de muerte como sanci\u00f3n, y la censura expl\u00edcita a la que los medios deb\u00edan someterse. El enunciado de los <em>Objetivos B\u00e1sicos del Proceso de Reorganizaci\u00f3n Nacional<\/em>, a los cuales se subordinaba la propia Constituci\u00f3n, daba cuenta de la finalidad de la toma del poder: regresar a la Argentina a la situaci\u00f3n previa al peronismo, para lo cual era preciso configurar el Estado Terrorista, institucionalizando las formas m\u00e1s aberrantes de las violaciones masivas y sistem\u00e1ticas de los derechos humanos, instrumentadas a trav\u00e9s de un plan sistem\u00e1tico de represi\u00f3n ilegal que dej\u00f3 como consecuencia una secuela inconmensurable de homicidios, detenciones-desapariciones, crueles torturas, brutales vej\u00e1menes a la integridad ps\u00edquica y f\u00edsica, que afectaron a todos los estamentos de nuestra sociedad.<\/p>\n\n\n\n<p>No se trat\u00f3, por cierto, de que algunos cometieran excesos en el fragor de la lucha contra quienes denominaban <em>subversivos<\/em>. El poder dictatorial gener\u00f3 el terror y su transmisi\u00f3n con el claro objetivo de someter a la sociedad y paralizar cualquier conato de resistencia, a trav\u00e9s de un Estado clandestino que operaba paralelamente a la legalidad construida por la dictadura c\u00edvico-militar, con sus m\u00e1s de seiscientos centros clandestinos de detenci\u00f3n y exterminio. Como lo definiera magistralmente Eduardo Luis Duhalde, \u201c<em>una acci\u00f3n llevada adelante, por el sistema de \u2018ocultar-mostrando\u2019 para hacer efectiva la implementaci\u00f3n del miedo y el terror<\/em>\u201d.&nbsp;<\/p>\n\n\n\n<p>Se construy\u00f3 as\u00ed un nuevo modelo de dominaci\u00f3n, que implic\u00f3 no solamente la supresi\u00f3n de los mecanismos de representaci\u00f3n y expresi\u00f3n de la sociedad civil, sino tambi\u00e9n la imposici\u00f3n de comportamientos sociales para que la poblaci\u00f3n se comprometiera con la pol\u00edtica de reconversi\u00f3n del modelo econ\u00f3mico de la Naci\u00f3n, que en la pr\u00e1ctica era contraria a sus intereses y necesidades m\u00e1s elementales.<\/p>\n\n\n\n<p>El disciplinamiento de la sociedad mediante el terror era necesario para llevar adelante los intereses&nbsp; del bloque civil de la dictadura, que a la salvaje instrumentaci\u00f3n del proyecto neoliberal le sum\u00f3 el despojo y la apropiaci\u00f3n de bienes de las v\u00edctimas, en el marco de un verdadero genocidio que se implement\u00f3 a trav\u00e9s de la comisi\u00f3n de cr\u00edmenes de lesa humanidad, cuyos autores fueron tanto militares como civiles que representaban a los sectores econ\u00f3micos dominantes y monop\u00f3licos.<\/p>\n\n\n\n<p>El ya citado Eduardo Luis Duhalde precisaba las caracter\u00edsticas del Estado terrorista:&nbsp;<\/p>\n\n\n\n<ul class=\"wp-block-list\">\n<li>\u201c<em>la abrogaci\u00f3n de todos los derechos constitucionales: la libertad de expresi\u00f3n, de reuni\u00f3n, de asociarse con fines \u00fatiles, la de prensa, el derecho al debido proceso<\/em>\u201d, entre otros atropellos;<\/li>\n\n\n\n<li>\u201c<em>La disoluci\u00f3n y suspensi\u00f3n de los partidos, instituciones y organizaciones pol\u00edticas;<\/em><\/li>\n\n\n\n<li><em>La supresi\u00f3n de la Confederaci\u00f3n General del Trabajo, intervenci\u00f3n de los sindicatos y el control absoluto de las Universidades<\/em>\u201d.<\/li>\n\n\n\n<li>\u201c<em>El control y manipulaci\u00f3n de los medios de comunicaci\u00f3n, orales, visuales y escritos<\/em>\u201d. Para esto, se\u00f1ala Duhalde, \u201c<em>no fue menos importante la manipulaci\u00f3n de la opini\u00f3n p\u00fablica desde la \u2018gran prensa\u2019 -comprendiendo a los diarios, revistas de mayor circulaci\u00f3n y a las radios y canales de TV de mayor audiencia- tendientes a lograr la intoxicaci\u00f3n colectiva y determinados niveles de consenso. Las campa\u00f1as psicol\u00f3gicas contra la \u2018subversi\u00f3n\u2019 inculp\u00e1ndola de todos los males de la Rep\u00fablica, fueron el primer objetivo. El segundo, ampliar el concepto de \u2018subversivo\u2019 a todo pensamiento cr\u00edtico, a todo disenso, o a toda pr\u00e1ctica social solidaria<\/em>\u201d.&nbsp;<\/li>\n\n\n\n<li>\u201c<em>El ataque a estamentos profesionales de relevancia social: abogados, periodistas, psic\u00f3logos, la iglesia popular, educadores, escritores, actores, etc., mediante una constante pol\u00edtica de secuestros convertidos \u201cen detenciones-desapariciones\u201d y de supuestos \u201cenfrentamientos\u201d para justificar los asesinatos de prisioneros acribillados a balazos. El plano de la normatividad no alcanzaba para desarticular el rol social de estos estamentos&nbsp;&nbsp;&nbsp;&nbsp;&nbsp; -cuyos elementos m\u00e1s activos ten\u00edan posiciones democr\u00e1ticas, liberales o progresistas- mediante el simple dictado de normas represivas. La muerte se ense\u00f1ore\u00f3 del pa\u00eds: 30.000 muertos y desaparecidos fueron su resultado directo<\/em>\u201d. \u00bfQu\u00e9 dec\u00eda la<em> Tribuna de Doctrina<\/em> frente a todo esto? Su tapa del 24\/03\/1976 informaba: \u201c<em>Las Fuerzas Armadas asumen el poder; det\u00favose a la Presidente<\/em><strong>&#8220;<\/strong> y agregaba que<strong> &#8220;<\/strong><em>En La Plata la acci\u00f3n terrorista fue dominada<\/em><strong>&#8220;<\/strong>. Al d\u00eda siguiente contaba que \u201c<em>Asumieron el gobierno los tres comandantes generales<\/em>\u201d y que <em>\u201cDisolvi\u00f3se el Parlamento; remoci\u00f3n de la Corte Suprema; proh\u00edbese la acci\u00f3n pol\u00edtica y gremial; oportunamente se nombrar\u00e1 Presidente<\/em>\u201d; detallaba los \u201c<em>Objetivos b\u00e1sicos para la reorganizaci\u00f3n nacional<\/em>\u201d y avisaba que habr\u00eda \u201c<em>pena de muerte por delitos de orden p\u00fablico<\/em>\u201d.&nbsp;<\/li>\n<\/ul>\n\n\n\n<p>El mismo 25\/03\/1976, una editorial del diario de los Mitre dec\u00eda: \u201c<em>Ni hay sorpresa en la Naci\u00f3n por la ca\u00edda de un gobierno que estaba muerto mucho antes de su eliminaci\u00f3n por v\u00eda de un cambio como el que se ha operado. En lugar de aquella sorpresa hay una enorme expectaci\u00f3n. Todos sabemos que se necesitan planes s\u00f3lidos para facilitar la rehabilitaci\u00f3n material y moral de una comunidad herida por demasiados fracasos y dominada por un escepticismo contaminante. Precisamente por la magnitud de la tarea a emprender, la primera condici\u00f3n es que se afiance en las Fuerzas Armadas la cohesi\u00f3n con la cual ha actuado hasta aqu\u00ed. Hay un pa\u00eds que tiene valiosas reservas de confianza, pero tambi\u00e9n hay un terrorismo en acecho<\/em>\u201c.<\/p>\n\n\n\n<p>El clarinete mentiroso titulaba \u201c<em>Nuevo gobierno<\/em>\u201d y daba cuenta de los \u201c<em>Comunicados de la Junta Militar<\/em>\u201d. <em>La Raz\u00f3n<\/em>, por ese entonces el diario de los Peralta Ramos, dec\u00eda que<strong> &#8220;<\/strong><em>Las Fuerzas Armadas han asumido hoy el ejercicio del Poder<\/em>&#8221; y que<strong> &#8220;<\/strong><em>Caducaron los mandatos pol\u00edticos, se disuelve el Congreso y se <\/em><em>remueve a los miembros de la Corte Suprema<\/em>&#8220;. El editorial de <em>La Prensa<\/em> del 27\/03\/1976, firmado por Alberto Gainza Paz, se alegraba porque\u201c<em>En 2 horas, sin el asomo de una sola falla, al cabo de una operaci\u00f3n impecable, precisa, sin estridencias vanas y sin disparar un solo tiro, las Fuerzas Armadas de la Constituci\u00f3n pusieron t\u00e9rmino al desempe\u00f1o ileg\u00edtimo del gobierno instaurado el 25 de Mayo de 1973<\/em>\u201d.<\/p>\n\n\n\n<p>Durante la dictadura, los medios sirvieron a los prop\u00f3sitos de los golpistas. Una editorial de <strong><em>LA NACI\u00d3N <\/em><\/strong>del 11\/02\/1977 titulada <em>\u201cLos derechos humanos en el mundo de hoy\u201d<\/em> justificaba el accionar de las Fuerzas Armadas como \u201c<em>un deber no deseado pero asumido en defensa de la soberan\u00eda y del modo de vida tradicional<\/em>\u201d. Por su parte, el 24\/04\/1978&nbsp; <em>Clar\u00edn<\/em> daba cuenta de ese servicio: \u201c<em>Los \u00f3rganos period\u00edsticos se manejan con prudencia, El gobierno no ejerce presi\u00f3n indebida (\u2026) La prensa se alinea sin dificultades en el rumbo del proceso y si tropieza, lo hace en temas que, o bien son de interpretaci\u00f3n dificultosa o bien carecen de un completo esclarecimiento por parte de los poderes p\u00fablicos<\/em>\u201d.<\/p>\n\n\n\n<p>Volvamos a Eduardo Luis Duhalde: \u201c<em>Ninguna informaci\u00f3n sobre las denuncias de asesinatos, torturas, desapariciones, centros clandestinos de detenci\u00f3n, alcanzaba las tapas de \u2018Clar\u00edn\u2019, \u2018La Naci\u00f3n\u2019 y \u2018La Raz\u00f3n\u2019. Ninguna queja de los empresarios que eran despojados de sus industrias para favorecer la concentraci\u00f3n monop\u00f3lica impulsada por Mart\u00ednez de Hoz, ni de los miles de argentinos obligados a marchar al exilio, ni de ninguna forma de oposici\u00f3n. A lo sumo, si se hablaba de cr\u00edticas a la dictadura se las enmarcaba en supuestas campa\u00f1as antiargentinas atribuidas a la subversi\u00f3n<\/em>\u201d.<\/p>\n\n\n\n<p>Mientras tanto, la represi\u00f3n se cebaba tambi\u00e9n en los periodistas, trabajadores de prensa y obreros gr\u00e1ficos, alcanzando una cifra de cerca de doscientos treinta v\u00edctimas. Alguna, ampliamente conocidas en el mundo de la prensa y de la cultura, como Haroldo Conti, Francisco Urondo, Rodolfo Walsh, Alicia Eguren, Mario Hern\u00e1ndez, Raymundo Gleyzer, Diana Guerrero, Roberto Carri, Miguel \u00c1ngel Bustos, Dardo Cabo y H\u00e9ctor Germ\u00e1n Oesterheld. Nada dir\u00edan de ellos los medios hegem\u00f3nicos. La adhesi\u00f3n de <em>Clar\u00edn<\/em>, <em>La Naci\u00f3n<\/em> y La Raz\u00f3n al r\u00e9gimen dictatorial tendr\u00eda su premio: la entrega a los tres diarios de <em>Papel Prensa<\/em>, la empresa monop\u00f3lica en la fabricaci\u00f3n de papel para peri\u00f3dicos.&nbsp;<\/p>\n\n\n\n<p>En 2010, y cumpliendo las instrucciones dadas por la Presidenta Cristina Fern\u00e1ndez de Kirchner a trav\u00e9s del Decreto 1210 del 30\/08\/2010, la Secretar\u00eda de Derechos Humanos de la Naci\u00f3n present\u00f3 una querella criminal, por la apropiaci\u00f3n il\u00edcita de la empresa Papel Prensa S.A., llevada adelante mediante la comisi\u00f3n de los delitos de extorsi\u00f3n, privaci\u00f3n ilegitima de la libertad, tortura, vejaciones y asociaci\u00f3n il\u00edcita, de los que resultaron v\u00edctimas Juan Graiver, Eva Gitnacht de Graiver, Enrique Brodsky, Isidoro Miguel Graiver, Lidia Hayde\u00e9 Brodsky de Graiver, Lidia Elba Papaleo de Graiver, Rafael Ianover, Lidia C. Gesualdi y Silvia Fanjul, y&nbsp; de las torturas seguidas de muerte de Jorge Rubinstein; hechos que a la vez&nbsp; constituyen cr\u00edmenes de lesa humanidad&nbsp; y por ello son imprescriptibles.<\/p>\n\n\n\n<p>El escrito solicitaba el llamado a indagatoria y el oportuno procesamiento de&nbsp; Videla, Massera, Mart\u00ednez de Hoz, Ernestina Herrera de Noble, Magnetto, Bartolom\u00e9 Mitre, los hermanos Peralta Ramos yde toda otra persona cuya participaci\u00f3n surgiera de la investigaci\u00f3n. Los fiscales federales de La Plata y el Juez Federal Daniel Rafecas, que tuvieron parte en distintas etapas del proceso, ratificaron la calificaci\u00f3n de los hechos como cr\u00edmenes de lesa humanidad. La causa qued\u00f3 finalmente radicada en el juzgado a cargo de Juli\u00e1n Ercolini.<\/p>\n\n\n\n<p>Seis a\u00f1os despu\u00e9s, el 16\/12\/2016, sin haber convocado a declarar a ninguno de los imputados, sin tomar en cuenta las m\u00faltiples pruebas aportadas no solo por la Secretar\u00eda de Derechos Humanos sino tambi\u00e9n por las querellas particulares de Rafael Ianover y Lidia Papaleo, y con argumentos que no coincid\u00edan con los elementos existentes en el expediente, sobresey\u00f3 a los involucrados que todav\u00eda viv\u00edan (muchos hab\u00edan fallecido sin declarar). Ercolini es el mismo juez que instruy\u00f3 varias causas contra Cristina Fern\u00e1ndez de Kirchner, entre ellas la conocida como Vialidad.<\/p>\n\n\n\n<p>LA NACI\u00d3N celebr\u00f3 el fallo que favorec\u00eda a su entonces director, en una editorial del 27 de diciembre de 2016, calificando a la causa como una \u201cmaniobra extorsiva\u201d y como \u201cuno de los m\u00e1s perversos operativos montados por el kirchnerismo\u201d. Como suele ocurrir, la editorial estaba plagada de falsedades. Solo mencionaba como v\u00edctimas a Lidia Papaleo y a los herederos de David Graiver, obviando la existencia de Rafael Ianover y de otras personas, vinculadas al grupo Graiver, que fueron secuestradas, torturadas,&nbsp; e incluso asesinadas como fue el caso de Jorge Rubinstein. Al igual que Ercolini, atribuy\u00f3 las amenazas y coacciones sufridas por los Graiver a Montoneros, y dijo que la operaci\u00f3n de compra de Papel Prensa fue celebrada antes de la violenta represi\u00f3n desatada contra el grupo. Pero para ese entonces esa operaci\u00f3n no estaba terminada ni mucho menos, y las amenazas y coacciones denunciadas por Lidia Papaleo y Rafael Ianover se produjeron antes de la supuesta venta.<\/p>\n\n\n\n<p>\u00bfPor qu\u00e9 recordar todos estos sucesos hoy? Porque cuarenta y siete a\u00f1os despu\u00e9s, <strong><em>LA NACI\u00d3N<\/em><\/strong> y sus socios de <em>Clar\u00edn<\/em> en <em>Papel Prensa<\/em> siguen con la misma t\u00f3nica: <em>manipulando a la opini\u00f3n p\u00fablica, buscando lograr la intoxicaci\u00f3n colectiva y determinados niveles de consenso a favor de las pol\u00edticas de la derecha, llevando adelante campa\u00f1as psicol\u00f3gicas hoy contra el \u2018populismo\u2019&nbsp; al que culpan de todos los males de la Rep\u00fablica, y usando el concepto de \u2018corrupto\u2019 para denigrar a todo pensamiento cr\u00edtico, a todo disenso, o a toda pr\u00e1ctica social solidaria<\/em>. Cultores de un discurso de odio contra todo lo que signifique una pol\u00edtica favorable a los intereses de las grandes mayor\u00edas, defensores de los genocidas para los que reiteran, cada tanto, el pedido de liberaci\u00f3n y la finalizaci\u00f3n de los juicios en los que son investigados, recurren a la desinformaci\u00f3n y a las noticias falsas como mecanismos usuales.<\/p>\n\n\n\n<p>Cuarenta y siete a\u00f1os. Entonces, el terror como forma de disciplinamiento social, desplegado desde todas las estructuras del Estado ocupadas por la dictadura. Las Fuerzas Armadas y de seguridad utilizando la tortura, el secuestro, la muerte, la desaparici\u00f3n, para que sus mandantes -representantes de los grupos econ\u00f3micos concentrados- \u201creorganizaran\u201d la Naci\u00f3n. Hoy se busca disciplinar a los l\u00edderes pol\u00edticos y sociales usando al Poder Judicial. Que nadie se atreva a impulsar pol\u00edticas de inclusi\u00f3n, a defender la salud y la educaci\u00f3n p\u00fablicas, a tratar de lograr la distribuci\u00f3n equitativa de las riquezas, a empoderar a los sectores marginados, a so\u00f1ar con una patria justa, libre y soberana.<\/p>\n\n\n\n<p>Este 24 de marzo, cuarenta y siete a\u00f1os despu\u00e9s, nos encuentra en la misma lucha. No estar\u00e1, al menos f\u00edsicamente, Hebe de Bonafini con su claridad conceptual, su \u00e9tica insobornable, su ejemplo imbatible. Tampoco quien supo construir, entre 2003 y 2012, las pol\u00edticas p\u00fablicas en derechos humanos que buscaron el fin de la impunidad: Eduardo Luis Duhalde. Pero habr\u00e1 miles y miles dispuestos a seguir sus ejemplos. A seguir creyendo que las utop\u00edas son posibles. A comprometerse en la militancia cotidiana con alegr\u00eda y empe\u00f1o. A seguir peleando contra Mitre y lo que este nombre -y los de sus sucesores- significan para los males del pa\u00eds. En eso estamos.<\/p>\n","protected":false},"excerpt":{"rendered":"<p>Son, en efecto, cuarenta y siete los a\u00f1os que pasaron desde aquel funesto 24 de&#8230;<\/p>\n","protected":false},"author":1,"featured_media":0,"comment_status":"open","ping_status":"open","sticky":false,"template":"","format":"standard","meta":{"footnotes":""},"categories":[17],"tags":[],"class_list":["post-827","post","type-post","status-publish","format-standard","hentry","category-contra-mitre"],"_links":{"self":[{"href":"https:\/\/luisalen.com\/index.php?rest_route=\/wp\/v2\/posts\/827","targetHints":{"allow":["GET"]}}],"collection":[{"href":"https:\/\/luisalen.com\/index.php?rest_route=\/wp\/v2\/posts"}],"about":[{"href":"https:\/\/luisalen.com\/index.php?rest_route=\/wp\/v2\/types\/post"}],"author":[{"embeddable":true,"href":"https:\/\/luisalen.com\/index.php?rest_route=\/wp\/v2\/users\/1"}],"replies":[{"embeddable":true,"href":"https:\/\/luisalen.com\/index.php?rest_route=%2Fwp%2Fv2%2Fcomments&post=827"}],"version-history":[{"count":1,"href":"https:\/\/luisalen.com\/index.php?rest_route=\/wp\/v2\/posts\/827\/revisions"}],"predecessor-version":[{"id":828,"href":"https:\/\/luisalen.com\/index.php?rest_route=\/wp\/v2\/posts\/827\/revisions\/828"}],"wp:attachment":[{"href":"https:\/\/luisalen.com\/index.php?rest_route=%2Fwp%2Fv2%2Fmedia&parent=827"}],"wp:term":[{"taxonomy":"category","embeddable":true,"href":"https:\/\/luisalen.com\/index.php?rest_route=%2Fwp%2Fv2%2Fcategories&post=827"},{"taxonomy":"post_tag","embeddable":true,"href":"https:\/\/luisalen.com\/index.php?rest_route=%2Fwp%2Fv2%2Ftags&post=827"}],"curies":[{"name":"wp","href":"https:\/\/api.w.org\/{rel}","templated":true}]}}