{"id":830,"date":"2023-04-05T20:46:57","date_gmt":"2023-04-05T20:46:57","guid":{"rendered":"https:\/\/luisalen.com\/?p=830"},"modified":"2023-04-05T20:46:58","modified_gmt":"2023-04-05T20:46:58","slug":"aniversarios","status":"publish","type":"post","link":"https:\/\/luisalen.com\/?p=830","title":{"rendered":"Aniversarios"},"content":{"rendered":"\n<p>Abril es un mes con aniversarios. Por lo menos en sus primeros d\u00edas. El 2 de abril se recuerda el <em>D\u00eda del Veterano y de los Ca\u00eddos en la Guerra de Malvinas<\/em>. Malvinas. Esa herida abierta en el coraz\u00f3n de la Argentina. Ese reclamo que no cesa y que forma parte de los deseos colectivos de los habitantes de la patria. Pero no de todos. Algunos impresentables no piensan lo mismo. Por ejemplo, el domador de reposeras y reciente renunciante a postularse para un nuevo per\u00edodo de Netflix en la Rosada, que en 1997, en declaraciones a P\u00e1gina 12, dec\u00eda que \u201c<em>Nunca entend\u00ed los temas de soberan\u00eda en un pa\u00eds tan grande como el nuestro. Nosotros no tenemos un problema de espacio como tienen los israel\u00edes (sic)<\/em>&#8220;. Por si no estaba claro, agreg\u00f3 que &#8220;<em>las<\/em><em> Malvinas ser\u00edan un d\u00e9ficit adicional para el pa\u00eds<\/em>&#8220;. Un ejemplo claro del sentimiento patri\u00f3tico que anida en su coraz\u00f3n.<\/p>\n\n\n\n<p>No es el \u00fanico que piensa as\u00ed. En las filas de los que se Juntan para el Cambio (concepto que probablemente tomaron de los <em>arbolitos <\/em>de la calle Florida y aleda\u00f1os) anidan muchos otros que poseen la misma concepci\u00f3n de lo que significa la palabra soberan\u00eda. La saltimbanqui que, al rev\u00e9s que el ingeniero sin ingenio, no piensa bajarse de su postulaci\u00f3n, en plena pandemia y entrevistada por <strong><em>LA NACI\u00d3N+<\/em><\/strong>, defendiendo los intereses del laboratorio Pfizer no tuvo mejor idea que decir que &#8220;<em>Pfizer no pidi\u00f3 ni cambi\u00f3 de ley. Solo pidi\u00f3 un seguro de <\/em><em>cauci\u00f3n<\/em><em> <\/em><em>como<\/em><em> <\/em><em>a<\/em><em> <\/em><em>todos<\/em><em> <\/em><em>los<\/em><em> <\/em><em>pa\u00edses<\/em><em> <\/em><em>del<\/em><em> <\/em><em>mundo,<\/em><em> <\/em><em>que<\/em><em> <\/em><em>es<\/em><em> <\/em><em>algo<\/em><em> <\/em><em>razonable.<\/em><em> <\/em><em>No<\/em><em> <\/em><em>pidi\u00f3<\/em><em> <\/em><em>los<\/em><em> <\/em><em>hielos <\/em><em>continentales, ni las Islas Malvinas, bueno, las Islas Malvinas se las podr\u00edamos haber dado<\/em>\u201d. Ojo, antes de que alguno piense que estas declaraciones son un invento m\u00e1s del populismo, les aclaro que las public\u00f3 el clarinete mentiroso en su edici\u00f3n del 27\/04\/2021.<\/p>\n\n\n\n<p>Hagamos memoria, que siempre es bueno. La dictadura c\u00edvico militar genocida que asol\u00f3 al pa\u00eds entre 1976 y 1983, con el benepl\u00e1cito de <strong><em>LA NACI\u00d3N<\/em><\/strong><strong><em> <\/em><\/strong>y sus socios del clarinete, que gracias al apoyo brindado se apropiaron de Papel Prensa, atravesaba una profunda crisis en 1982. El 30 de marzo de ese a\u00f1o la CGT conducida por Sa\u00fal Ubaldini llam\u00f3 a marchar contra el gobierno, bajo el lema <em>Paz<\/em>, <em>Pan<\/em>, <em>Trabajo<\/em>. Desde la sede de la calle Brasil y hasta la Plaza de Mayo, miles de personas acompa\u00f1aron la convocatoria, que fue ferozmente reprimida por las fuerzas de seguridad. En las principales ciudades del pa\u00eds se repiti\u00f3 la escena: multitudes que marchaban fueron reprimidas. En Mendoza, un balazo de la gendarmer\u00eda se cobr\u00f3 la vida del sindicalista minero Jos\u00e9 Benedicto Ortiz. Ubaldini y otros dirigentes gremiales fueron detenidos, y lo mismo pas\u00f3 con el premio Nobel de la Paz, Adolfo P\u00e9rez Esquivel, y un grupo de Madres de Plaza de Mayo. En total, los privados de su libertad fueron m\u00e1s de dos mil. Al d\u00eda siguiente, la <em>Tribuna de Doctrina <\/em>informaba acerca de los \u201c<em>Violentos incidentes en la zona c\u00e9ntrica<\/em>\u201d mientras que el clarinete prefer\u00eda titular \u201c<em>Numerosas detenciones en los incidentes<\/em>\u201d y agregaba que la marcha \u201c<em>fue rigurosamente <\/em><em>controlada por efectivos militares y policiales<\/em>\u201d.<\/p>\n\n\n\n<p>Solo tres d\u00edas despu\u00e9s, los genocidas ordenaban la recuperaci\u00f3n de las Islas Malvinas. Un plan que los marinos ven\u00edan ideando hac\u00eda tiempo, sin lograr que ning\u00fan gobierno se plegara a sus deseos, ante la casi segura respuesta violenta del Reino Unido. Pero Leopoldo Fortunato Galtieri cre\u00eda ser un general majestuoso al que los Estados Unidos ve\u00edan como un aliado imprescindible, gracias al trabajo sucio que los militares argentinos desplegaban en Centro Am\u00e9rica apoyando las guerras clandestinas de los norteamericanos contra el sandinismo en Nicaragua y el Frente Farabundo Mart\u00ed en El Salvador. Con esa ilusi\u00f3n y ante los incidentes que se produjeron entre un grupo de operarios argentinos y los brit\u00e1nicos en las Islas Georgias, Galtieri orden\u00f3 la puesta en marcha del <em>Operativo Rosario<\/em>, y el 2 e abril se produc\u00eda el desembarco de las tropas en las Islas y la ocupaci\u00f3n de Puerto Rivero, como hab\u00edan llamado a la capital isle\u00f1a los j\u00f3venes nacionalistas que en 1966 plantaron la bandera en la denominada <em>Operaci\u00f3n C\u00f3ndor<\/em>.<\/p>\n\n\n\n<p>Ese 2 de abril hubo una sola baja: el Capit\u00e1n de Infanter\u00eda de Marina Pedro Edgardo Giachino, que durante a\u00f1os se hab\u00eda desempe\u00f1ado en la Base Naval Mar del Plata, donde funcionaba un Centro Clandestino de Detenci\u00f3n y Exterminio por el que pasaron m\u00e1s de quinientas v\u00edctimas. Giachino fue se\u00f1alado por diversos sobrevivientes como represor y torturador, por lo que en 2011 el Concejo Deliberante marplatense retir\u00f3 su retrato de su recinto.<\/p>\n\n\n\n<p>El fervor popular desatado tras la recuperaci\u00f3n de las Islas hizo creer a Galtieri no s\u00f3lo que era posible triunfar ante las fuerzas brit\u00e1nicas, a las que desafi\u00f3 desde el balc\u00f3n de la Rosada: <em>que vengan, les presentaremos batalla<\/em>, fue su bravata. Era un gobierno que se sosten\u00eda solo en la represi\u00f3n y el terror mediante el cual se disciplinaba a la sociedad, que en 1981 hab\u00eda llegado a una inflaci\u00f3n del 104,48%, que subir\u00eda en 1982 al 164,78%, y que enfrentaba el desprestigio internacional, por sus numerosas violaciones a los derechos humanos. Frente a las tropas argentinas, conducidas por jefes que solo hab\u00edan participado en los secuestros, torturas y asesinatos de los disidentes pol\u00edticos, e integradas por soldados conscriptos con una instrucci\u00f3n pobre y sin armamentos adecuados, ni pertrechos, y ni siquiera con v\u00edveres y ropas adecuados, se alzaba un ej\u00e9rcito de la OTAN, con todo el equipamiento necesario para una guerra moderna.<\/p>\n\n\n\n<p>Pas\u00f3 lo que todos sabemos. El hero\u00edsmo de los soldados argentinos, la decisi\u00f3n que mostraron para defender las Islas, no alcanz\u00f3. El 14 de junio de 1982 Mario Benjam\u00edn Men\u00e9ndez, otro represor que ejerc\u00eda el cargo de gobernador, se rend\u00eda ante las tropas brit\u00e1nicas. Algo que provoc\u00f3 furia en la poblaci\u00f3n, que se sinti\u00f3 una vez m\u00e1s traicionada. Cosas que quedaron en claro, como que Alfredo Astiz, el mismo que se hab\u00eda destacado en el secuestro de monjas y madres y en balear por la espalda a la adolescente Dagmar Hagelin, se rindi\u00f3 sin disparar siquiera un tiro.<\/p>\n\n\n\n<p>Seiscientos cuarenta y nueve argentinos muertos. Otros mil trescientos heridos. El destino nunca aclarado de fondos y pertrechos recaudados en un festival televisivo. El olvido y el destrato fue la moneda con la que se pag\u00f3 a los que realmente combatieron. Cuando volvieron los gobiernos electos por el voto popular, no hubo grandes cambios. Tal vez solo la irrupci\u00f3n de la m\u00fasica cantada en nuestro idioma, que dedic\u00f3 bellas canciones a la gesta de los soldados, haya sido un resultado positivo, seguramente no previsto por los dictadores. Cuando se sancion\u00f3 una ley que otorgaba pensiones a los ex combatientes, para muchos lleg\u00f3 tarde. M\u00e1s de quinientos se hab\u00edan suicidado. Y para peor, casi como una burla, varios de los marinos represores obtuvieron la pensi\u00f3n, hasta que en 2008 y tras un informe de la Secretar\u00eda de Derechos Humanos se les quit\u00f3 el beneficio que no merec\u00edan.<\/p>\n\n\n\n<p>Para <strong>LA<\/strong><strong> <\/strong><strong>NACI\u00d3N<\/strong><strong> <\/strong>la cuesti\u00f3n Malvinas nunca fue prioritaria. Al contrario, aplaudieron iniciativas que abandonaban el leg\u00edtimo reclamo de la restituci\u00f3n del territorio usurpado, como cuando un canciller propuso seducir a los kelpers enviando mu\u00f1ecos de peluche. O como cuando un funcionario del Ministerio de Relaciones Exteriores firm\u00f3 un acuerdo en estado de embriaguez, seg\u00fan lo narrado por su par brit\u00e1nico. Dir\u00edan los escribas del mitrismo: \u201c<em>Durante el gobierno de Mauricio Macri la Argentina y Gran Breta\u00f1a se comprometen a avanzar en la reanudaci\u00f3n de vuelos a las islas y la explotaci\u00f3n conjunta de pesca e hidrocarburos. El acuerdo qued\u00f3 congelado tras la asunci\u00f3n de Alberto Fern\u00e1ndez<\/em>\u201d.<\/p>\n\n\n\n<p>Vamos a otro aniversario. El 3 de abril de 2012 fallec\u00eda Eduardo Luis Duhalde, quien hasta ese momento se desempe\u00f1aba como Secretario de Derechos Humanos de la Naci\u00f3n. Abogado, periodista, magistrado, docente, escritor, historiador, Duhalde <em>el bueno <\/em>-como le dec\u00edan para diferenciarlo de su hom\u00f3nimo-, se destac\u00f3 en m\u00faltiples dimensiones y en todas ellas su lucha se orient\u00f3 hacia la plena vigencia de los derechos humanos. Su sociedad pol\u00edtica y como historiadores, con Rodolfo Ortega Pe\u00f1a, constituye un hito imprescindible en la tarea de comprender la historia argentina como un punto de partida para resolver las cuestiones del presente. Nunca se llev\u00f3 bien con el mitrismo: ya en junio de 1971, opinaba en la revista \u201c<em>Todo es Historia<\/em>\u201d que \u201c<em>Bartolom\u00e9 Mitre es el nombre en el cual se concentra<\/em><em> <\/em><em>la pol\u00edtica brit\u00e1nica en el R\u00edo de la Plata en su mayor intensidad colonial. Su significaci\u00f3n es la de expresar el uso instrumental de Buenos Aires contra toda la Naci\u00f3n, al servicio de una <\/em><em>mentalidad<\/em><em> <\/em><em>y<\/em><em> <\/em><em>designios<\/em><em> <\/em><em>exclusivamente<\/em><em> <\/em><em>europeos<\/em>\u201d.<\/p>\n\n\n\n<p>Fue abogado de sindicatos, defensor de presos pol\u00edticos -fundador de la Asociaci\u00f3n Gremial de Abogados, junto con otros brillantes defensores de la dignidad humana como el ya nombrado Rodolfo Ortega Pe\u00f1a, Mario Hern\u00e1ndez, Roberto Sinigaglia, Rodolfo Mattarollo y Carlos Alberto Gonz\u00e1lez Gartland, entre otros-, con la profunda convicci\u00f3n que el ejercicio del derecho de defensa, menoscabado y groseramente ignorado por los integrantes de un Poder Judicial sometido a los designios del poder en aquellos d\u00edas de dictaduras, aunque no pudiera dar frutos en la libertad de sus asistidos pon\u00eda de manifiesto que la propia <em>legalidad <\/em>construida por quienes usurpaban los poderes del Estado era violada cotidianamente por sus mismos constructores, tarea en la cual eran entusiastamente acompa\u00f1ados por muchos de los juristas <em>prestigiosos <\/em>en la \u00f3ptica de los escribas de <strong><em>LA NACI\u00d3N<\/em><\/strong>.<\/p>\n\n\n\n<p>Eduardo Luis Duhalde acompa\u00f1\u00f3 a Per\u00f3n en su viaje de regreso al pa\u00eds, aquel 17 de noviembre de 1972. Particip\u00f3 activamente de la campa\u00f1a del Frente Justicialista de Liberaci\u00f3n, que el 11 de marzo de 1973 llevaba al triunfo a H\u00e9ctor J. C\u00e1mpora. Con Ortega Pe\u00f1a, fundaron la revista \u201cMilitancia Peronista para la Liberaci\u00f3n\u201d, cr\u00edtica de lo que consideraban el abandono del programa del FREJULI. Clausurada la revista, editaron la segunda etapa de \u201cDe Frente\u201d, un semanario que en su primera \u00e9poca dirigiera John William Cooke. El asesinato de Ortega Pe\u00f1a el 31 de julio de 1974, y las amenazas dirigidas desde una derecha cada vez m\u00e1s activa en la eliminaci\u00f3n de militantes populares, lo hicieron pasar a la clandestinidad.<\/p>\n\n\n\n<p>All\u00ed lo encontr\u00f3 el golpe del 24 de marzo de 1976. Junto con otros defensores de derechos humanos, fund\u00f3 la <em>Comisi\u00f3n Argentina de Derechos Humanos <\/em>(<em>CADHU<\/em>) pero debi\u00f3 marchar al exilio. Sinigaglia y Hern\u00e1ndez fueron v\u00edctimas de la dictadura genocida, y Mattarollo y Gonz\u00e1lez Gartland tambi\u00e9n tuvieron que exiliarse. La denuncia de los cr\u00edmenes dictatoriales fue la tarea que ocup\u00f3 sus horas en Madrid, donde se radic\u00f3 con su familia tras una breve estad\u00eda en Cuba. En enero de 1977, la CADHU produc\u00eda su primer informe: Argentina. Proceso al Genocidio. Cuando comenzaron a llegar exiliados y perseguidos, encontraron en Duhalde la mano amiga que los ayud\u00f3 a reubicarse. Acompa\u00f1\u00f3 luego a las Madres y Abuelas que quer\u00edan hacer o\u00edr sus reclamos ante los organismos internacionales. En Madrid escribi\u00f3 la obra que mejor describe la ideolog\u00eda y el funcionamiento de la dictadura: <em>El Estado terrorista argentino<\/em>.<\/p>\n\n\n\n<p>Terminada la dictadura, retorn\u00f3 al pa\u00eds y desarroll\u00f3 una intensa actividad. Fund\u00f3 la editorial Contrapunto, que public\u00f3 muchos de los mejores textos pol\u00edticos de aquella \u00e9poca, y continu\u00f3 su militancia a favor de los derechos humanos. En esos d\u00edas lo conoc\u00ed, en 1986, cuando me le acerqu\u00e9 y le cont\u00e9 que hab\u00eda sido amigo de Alicia Eguren. <em>Entonces sos mi amigo<\/em>, me contest\u00f3, y desde entonces me abri\u00f3 las puertas no s\u00f3lo de las oficinas en las que trabajaba incansablemente sino las de su hermosa familia.<\/p>\n\n\n\n<p>Emprendimos la docencia universitaria, \u00e9l como titular y yo integrando su c\u00e1tedra de Derecho a la Informaci\u00f3n en la Universidad de Buenos Aires. Generosamente me invit\u00f3 a escribir, en conjunto, lo que fue la <em>Teor\u00eda Jur\u00eddico Pol\u00edtica de la Comunicaci\u00f3n<\/em>, aporte fundamental, a su juicio, para entender la importancia de la plena vigencia del derecho humano a la comunicaci\u00f3n.<\/p>\n\n\n\n<p>Dirigi\u00f3 un diario diferente: Nuevo Sur, entre 1989 y 1990. Y m\u00e1s tarde, se desempe\u00f1\u00f3 como Juez de C\u00e1mara en el Tribunal Oral en lo Criminal N\u00ba 29. Sus votos en las sentencias que le toc\u00f3 pronunciar continuaron esa tarea de entender que m\u00e1s importante que el derecho (entendido como mecanismo de disciplinamiento social) era la justicia. No escap\u00f3 a su vocaci\u00f3n de polemista: cuando en junio de 1997, en una nota publicada en el clarinete mentiroso Mar\u00eda S\u00e1enz Quesada y Luis Alberto Romero lo acusaron, junto a Ortega Pe\u00f1a, de adulterar datos en sus libros, respondi\u00f3 certeramente: <em>usted escribe sobre los estancieros y su plater\u00eda. Nosotros lo hicimos sobre los peones y sus sufrimientos<\/em>.<\/p>\n\n\n\n<p>Las crisis desatadas tras el ciclo neoliberal del menemismo y el fracaso de la Alianza lo convencieron de la necesidad de aportar, desde la pol\u00edtica, a una nueva etapa. Se acerc\u00f3 a N\u00e9stor Kirchner y le entreg\u00f3 una propuesta para una pol\u00edtica p\u00fablica de derechos humanos que, a su juicio, era una deuda pendiente desde 1983. Renunci\u00f3 a su cargo de Juez, cuando le faltaban pocos meses para jubilarse, porque entendi\u00f3 que su compromiso militante no lo pod\u00eda ejercer con medias tintas.<\/p>\n\n\n\n<p>Llegado Kirchner a la presidencia, lo design\u00f3 Secretario de Derechos Humanos. Y desde ese cargo fue el arquitecto de la pol\u00edtica p\u00fablica m\u00e1s importante del ciclo iniciado en 2003. Con la generosidad de siempre me invit\u00f3 a colaborar en su nueva gesta. Desde la Secretar\u00eda se impulsaron nuevas normas, que respond\u00edan a la centralidad que Kirchner pretend\u00eda que ocuparan los derechos humanos en su gesti\u00f3n. Para ello, Duhalde trabaj\u00f3 con todas las \u00e1reas del gobierno, en una din\u00e1mica de colaboraci\u00f3n para dar a cada una de ellas los fundamentos necesarios desde una perspectiva de derechos.<\/p>\n\n\n\n<p>La gesti\u00f3n p\u00fablica no le impidi\u00f3 seguir con su tarea de historiador. El que a la postre ser\u00eda su \u00faltimo trabajo hist\u00f3rico publicado en vida, se llam\u00f3 \u201c<em>Contra Mitre. Los intelectuales y el poder: de Caseros al 80<\/em>\u201d. Un libro que seg\u00fan dijo, deber\u00edan haber escrito con Ortega Pe\u00f1a, y en el cual una vez m\u00e1s dej\u00f3 sentada su opini\u00f3n: \u201c<em>No se trata s\u00f3lo de la fascinante ceremonia de volver a recrear lo que ya no est\u00e1 para que una tragedia perdida pueda ser audible. Resignificar la historia es el paso inquietante e indispensable para contribuir a deshilachar el discurso encubridor y equ\u00edvoco del presente, heredero de los valores de un liberalismo mistificador. Tampoco es tarea f\u00e1cil, cuando las corrientes del revisionismo hist\u00f3rico -que fueron muy severas en el juicio a la pol\u00edtica mitrista- han perdido todo espacio vigente en la historiograf\u00eda argentina, interesadamente descalificados sus historiadores junto a los proyectos nacionales que los impulsaron, desde un cientificismo neoliberal. Este libro pretende contribuir a la reinstalaci\u00f3n de una visi\u00f3n cr\u00edtica del mitrismo, buscando superar la estrechez ideol\u00f3gica e instrumental de aquel revisionismo tradicional, sin desde\u00f1ar por inv\u00e1lidos sus importantes aportes<\/em>\u201d<\/p>\n\n\n\n<p>La construcci\u00f3n de la pol\u00edtica p\u00fablica de derechos humanos, la lucha contra la impunidad que llev\u00f3 a que la Secretar\u00eda se presentara como querellante e impulsara los juicios por cr\u00edmenes de lesa humanidad, la recuperaci\u00f3n de la ESMA y de otros Centros Clandestinos de Detenci\u00f3n y extermino y su refundaci\u00f3n como Espacios para la Memoria y para la promoci\u00f3n y defensa de los derechos humanos, la creaci\u00f3n del Archivo Nacional de la Memoria, del Centro Cultural de la Memoria \u201cHaroldo Conti\u201d y del Centro de asistencia a las v\u00edctimas de violaciones a los derechos humanos \u201cDr. Fernando Ulloa\u201d y el impulso a la coordinaci\u00f3n regional a trav\u00e9s de la Reuni\u00f3n de Altas Autoridades en Derechos Humanos y Canciller\u00edas del MERCOSUR y Estados asociados, fueron hitos de enorme trascendencia que su impulso vital hizo posibles.<\/p>\n\n\n\n<p><strong><em>LA NACI\u00d3N <\/em><\/strong>lo tuvo como enemigo. El 22-05-2010, publicaron una editorial titulada \u201c<em>La agenda del <\/em><em>odio y de la venganza<\/em>\u201d, en la que dec\u00edan que \u201c<em>se design\u00f3 como secretario de Derechos <\/em><em>Humanos al abogado Eduardo Luis Duhalde, protagonista en esa d\u00e9cada como apologista, desde la revista Militancia , de muchos de los atroces cr\u00edmenes cometidos por el terrorismo. La designaci\u00f3n de un antiguo promotor de la violencia en un cargo de esa naturaleza s\u00f3lo podr\u00eda justificarse si mediara alg\u00fan arrepentimiento en la persona as\u00ed designada. Pero no<\/em><em> <\/em><em>ha sido el caso. El secretario de Derechos Humanos es absolutamente funcional al prop\u00f3sito de reescribir la historia, de perseguir a sus antiguos adversarios y de llevarlos a la c\u00e1rcel, en <\/em><em>condiciones a veces violatorias de los mismos derechos que debiera proteger, despreocup\u00e1ndose de los dem\u00e1s aspectos que hacen a la protecci\u00f3n de los derechos humanos en la actualidad. En este sentido, es oportuno y triste recordar que alrededor de un centenar de ancianos han muerto en cautiverio durante prolongados procesos sin que se los haya condenado<\/em>\u201d. Los ancianos a los que se refer\u00edan vale aclararlo, eran genocidas condenados por cr\u00edmenes de lesa humanidad.<\/p>\n\n\n\n<p>Eduardo Luis tomaba esas cr\u00edticas y las transformaba en galardones que reconoc\u00edan sus esfuerzos. Que los que alentaron las dictaduras m\u00e1s feroces, y se transformaron en defensores de los genocidas, lo atacaran, era para \u00e9l la confirmaci\u00f3n de que estaba en el buen camino. Ese en el que una vez m\u00e1s fue generoso conmigo y me permiti\u00f3 acompa\u00f1arlo, desde diciembre de 2007, como su Subsecretario de Protecci\u00f3n de Derechos Humanos.<\/p>\n\n\n\n<p>Si alguien expresaba mejor que nadie la perfecta simbiosis entre la idea y la pr\u00e1ctica era \u00e9l. Una vida dedicada a luchar por la dignidad humana. Siempre con alegr\u00eda, con un humor no exento de la exacta cuota de sarcasmo. Con sus ense\u00f1anzas y su solidaridad. Con el afecto a flor de piel. Con ese compa\u00f1erismo que hac\u00eda que cualquiera que lo conociera se decidiera a acompa\u00f1ar sus aventuras, por ut\u00f3picas que parecieran. Once a\u00f1os sin su presencia f\u00edsica no borran su inmensa estatura, llamando al combate perpetuo contra la miseria, la desigualdad, la indignidad. Maestro, amigo, compa\u00f1ero, Eduardo Luis Duhalde est\u00e1 presente. Ahora y siempre.<\/p>\n","protected":false},"excerpt":{"rendered":"<p>Abril es un mes con aniversarios. Por lo menos en sus primeros d\u00edas. El 2&#8230;<\/p>\n","protected":false},"author":1,"featured_media":0,"comment_status":"open","ping_status":"open","sticky":false,"template":"","format":"standard","meta":{"footnotes":""},"categories":[17],"tags":[],"class_list":["post-830","post","type-post","status-publish","format-standard","hentry","category-contra-mitre"],"_links":{"self":[{"href":"https:\/\/luisalen.com\/index.php?rest_route=\/wp\/v2\/posts\/830","targetHints":{"allow":["GET"]}}],"collection":[{"href":"https:\/\/luisalen.com\/index.php?rest_route=\/wp\/v2\/posts"}],"about":[{"href":"https:\/\/luisalen.com\/index.php?rest_route=\/wp\/v2\/types\/post"}],"author":[{"embeddable":true,"href":"https:\/\/luisalen.com\/index.php?rest_route=\/wp\/v2\/users\/1"}],"replies":[{"embeddable":true,"href":"https:\/\/luisalen.com\/index.php?rest_route=%2Fwp%2Fv2%2Fcomments&post=830"}],"version-history":[{"count":1,"href":"https:\/\/luisalen.com\/index.php?rest_route=\/wp\/v2\/posts\/830\/revisions"}],"predecessor-version":[{"id":831,"href":"https:\/\/luisalen.com\/index.php?rest_route=\/wp\/v2\/posts\/830\/revisions\/831"}],"wp:attachment":[{"href":"https:\/\/luisalen.com\/index.php?rest_route=%2Fwp%2Fv2%2Fmedia&parent=830"}],"wp:term":[{"taxonomy":"category","embeddable":true,"href":"https:\/\/luisalen.com\/index.php?rest_route=%2Fwp%2Fv2%2Fcategories&post=830"},{"taxonomy":"post_tag","embeddable":true,"href":"https:\/\/luisalen.com\/index.php?rest_route=%2Fwp%2Fv2%2Ftags&post=830"}],"curies":[{"name":"wp","href":"https:\/\/api.w.org\/{rel}","templated":true}]}}