{"id":840,"date":"2023-04-18T23:12:08","date_gmt":"2023-04-18T23:12:08","guid":{"rendered":"https:\/\/luisalen.com\/?p=840"},"modified":"2023-04-18T23:12:08","modified_gmt":"2023-04-18T23:12:08","slug":"mentiras-desmenuzadas","status":"publish","type":"post","link":"https:\/\/luisalen.com\/?p=840","title":{"rendered":"Mentiras desmenuzadas"},"content":{"rendered":"\n<p>A veces no es necesario buscar en muchas de las columnas que publica la <em>Tribuna de Doctrina <\/em>para encontrar la dosis de mentiras, informaciones falsas y discursos de odio que me permiten escribir estas l\u00edneas. Alcanza con dos o tres, que dan la pauta de c\u00f3mo se manejan los empleados de la Sociedad An\u00f3nima que hered\u00f3 las malas pr\u00e1cticas de don Bartolo el fundador.<\/p>\n\n\n\n<p>Vamos por partes. Primero, con las editoriales, que no llevan \ufb01rma pero que se supone que expresan la l\u00ednea ideol\u00f3gica a la que responde <strong><em>LA NACI\u00d3N<\/em><\/strong>. El 13 de abril de 2023, titulaban: \u201c<em>Carlos Pedro Blaquier: un gran empresario argentino<\/em>\u201d y agregaban que \u201c<em>El fallecido presidente de Ledesma sufri\u00f3 infundadas acusaciones que fueron producto del odio, el resentimiento y la ceguera ideol\u00f3gica<\/em>\u201d. Falso. Carlos Pedro Tadeo Blaquier nunca lleg\u00f3 a ser condenado porque entre la C\u00e1mara Federal de Casaci\u00f3n y la Corte de los Milagros lo protegieron el tiempo su\ufb01ciente como para que operara el llamado \u201c<em>punto \ufb01nal biol\u00f3gico<\/em>\u201d soluci\u00f3n impulsada en los Tribunales para que ciertos personajes mueran sin condena y por ende, como impunes frente a los cr\u00edmenes que cometieron.<\/p>\n\n\n\n<p>Pero las acusaciones en su contra estaban m\u00e1s que su\ufb01cientemente fundadas. Por un lado, estaba procesado por dos secuestros realizados el 24 de marzo de 1976 -el mismo d\u00eda del golpe- y otro hecho m\u00e1s de los primeros d\u00edas de abril del mismo a\u00f1o. Una de las v\u00edctimas era Luis Aredez, que fuera Intendente de Libertador General San Mart\u00edn, el pueblo juje\u00f1o donde se encuentra el Ingenio Ledesma. Aredez estuvo detenido hasta el 23 de marzo de 1977. El 13 de mayo de 1977 lo volvieron a secuestrar y desde entonces permanece como detenido-desaparecido.<\/p>\n\n\n\n<p>Hubo otros veintis\u00e9is casos por los que Blaquier fue procesado. Fueron hechos ocurridos durante lo que se conoce como <em>La noche del Apag\u00f3n <\/em>y lo que se tuvo por suficientemente probado fue que la empresa que presid\u00eda Blaquier provey\u00f3 a las fuerzas armadas y de seguridad que participaron en los sucesos los veh\u00edculos que precisaban para llevar a cabo el operativo.<\/p>\n\n\n\n<p>Entre el 20 de julio de 1976 -cuando se produjo el primer corte total de la energ\u00eda el\u00e9ctrica en Libertador General San Mart\u00edn y Calilegua, una localidad vecina- y el 27 de julio del mismo a\u00f1o, un conjunto de polic\u00edas, efectivos del ej\u00e9rcito y de la gendarmer\u00eda sitiaron esas localidades y detuvieron ilegalmente a alrededor de cuatrocientas personas, de las cuales a\u00fan permanecen como detenidxs-desaparecidxs cincuenta y cinco. El corte no afect\u00f3 las instalaciones del Ingenio Ledesma.<\/p>\n\n\n\n<p>Las mentiras no terminan ah\u00ed. Sigue la editorial diciendo que \u201c<em>Desafortunadamente, Blaquier tuvo que sufrir el resentimiento y la persecuci\u00f3n pol\u00edtica e ideol\u00f3gica, que desde hace d\u00e9cadas viene ensombreciendo nuestra convivencia civilizada, castigando en particular a quienes han trabajado para el desarrollo y la modernizaci\u00f3n del pa\u00eds<\/em>\u201d y agrega que \u201c<em>Como en muchos otros casos, su nombre fue utilizado por activistas de derechos humanos con el velado prop\u00f3sito de ir tras los bolsillos del empresariado local<\/em>\u201d.<\/p>\n\n\n\n<p>Lo que <strong><em>LA NACI\u00d3N <\/em><\/strong>llama \u201d<em>el resentimiento y la persecuci\u00f3n pol\u00edtica e ideol\u00f3gica<\/em>\u201d es lo que conocemos como el Proceso de Memoria, Verdad y Justicia por el cual nuestro pa\u00eds ha sido reconocido internacionalmente. Es claro que para los herederos de Mitre la lucha contra la impunidad de los genocidas es algo que los afecta personalmente, porque apoyaron a la dictadura y de\ufb01enden a quienes llevaron adelante un plan sistem\u00e1tico de represi\u00f3n que se despleg\u00f3 a trav\u00e9s de violaciones masivas y sistem\u00e1ticas de los derechos humanos. Que es lo que han juzgado los tribunales en estos casos, como el de Blaquier. La intencionalidad maliciosa de la editorial queda de mani\ufb01esto cuando falsamente atribuye a los defensores de derechos humanos prop\u00f3sitos monetarios. En realidad, la <em>Tribuna de Doctrina <\/em>sigue preocupada por la eventualidad de que alg\u00fan d\u00eda jueces que no sean como sus amigos de Comodoro Py y Lago Escondido hagan justicia en el caso de la apropiaci\u00f3n ilegal de Papel Prensa.<\/p>\n\n\n\n<p>El 16 de abril de 2023 el inefable cronista del Operativo Independencia escribe y dice que \u201c<em>Todos somos ciudadanos bajo sospecha<\/em>\u201d. Ojo que en su caso, bien podr\u00eda ser aplicable el t\u00edtulo, porque una gran parte de la ciudadan\u00eda sospecha de los v\u00ednculos de Morales Sol\u00e1 con los integrantes de esa infame mesa judicial armada por el macrismo para perseguir a sus opositores. Pero don Joaqu\u00edn se re\ufb01ere a otra cosa. Veamos. Frente a declaraciones poco felices del Ministro de Seguridad, se pregunta \u201c<em>\u00bfde d\u00f3nde saca An\u00edbal Fern\u00e1ndez que la oposici\u00f3n optar\u00e1 en el gobierno por pol\u00edticas que tendr\u00edan semejantes consecuencias? \u00bfO, acaso, el ministro tiene agentes in\ufb01ltrados entre los opositores, les hacke\u00f3 los tel\u00e9fonos o les coloc\u00f3 micr\u00f3fonos en sus o\ufb01cinas?<\/em>\u201d. A ver. No es muy buena la frase de An\u00edbal, cuando anticip\u00f3 que de ganar la oposici\u00f3n har\u00eda correr r\u00edos de sangre para imponer sus pol\u00edticas, pero lo triste es que muy probablemente se torne en realidad si alguna de las opciones de la derecha vern\u00e1cula llega al poder. Pero Morales no desmiente que ello sea posible sino que se preocupa por c\u00f3mo lleg\u00f3 An\u00edbal a saberlo. Casi casi que es lo mismo que darlo por cierto.<\/p>\n\n\n\n<p>A\ufb01rma despu\u00e9s que \u201c<em>el Gobierno actual usa los servicios de inteligencia para los menesteres dom\u00e9sticos de la pol\u00edtica como si fuera una pr\u00e1ctica normal<\/em>\u201d, frase muy pertinente para describir los usos que el macrismo hizo de esp\u00edas y otras yerbas similares, por lo que de haber sido publicada entre 2016 y 2019 hubiera sido una verdad irrefutable. Pero hoy es una mentira m\u00e1s. A este gobierno se le pueden imputar muchas cosas, sobre todo las que no hizo. Pero en materia de espionaje tuvo el acierto de haber designado como Interventora en la AFI a Cristina Caama\u00f1o, quien desnud\u00f3 la podredumbre que el macrismo hab\u00eda instalado en esos \u00e1mbitos. Lo hecho por el gobierno, al desmantelar la trama urdida entre jueces, \ufb01scales, periodistas y empleados de las empresas de medios es lo que molesta a Morales Sol\u00e1.<\/p>\n\n\n\n<p>Para don Joaqu\u00edn, Lago Escondido es \u201c<em>un bello lugar cerca de Bariloche, que es una propiedad privada y tambi\u00e9n un edi\ufb01cio que puede contratarse como hospedaje<\/em>\u201d en lugar de un paraje de nuestra patria ocupado por un magnate ingl\u00e9s amigo del dormil\u00f3n de Netflix que se maneja por fuera de las leyes argentinas. La reuni\u00f3n de sus amiguitos de Comodoro Py en ese paraje, con directivos de Clar\u00edn, y las conversaciones posteriores en las que plani\ufb01caban cometer diversos delitos para cubrir sus huellas, no es nada grave. \u201c<em>El viaje de los jueces fue posiblemente un error, pero ninguna prueba los vincula con un delito<\/em> <em>o una confabulaci\u00f3n<\/em>\u201d, sostiene en defensa de Juli\u00e1n Ercolini, Carlos Mahiques y los dem\u00e1s hu\u00e9spedes de Joe Lewis.<\/p>\n\n\n\n<p>Pero lo m\u00e1s espantoso de la nota aparece cuando Morales se re\ufb01ere al armador de la mesa judicial macrista: <strong>\u201c<\/strong><em>Fabi\u00e1n \u2018Pep\u00edn\u2019 Rodr\u00edguez Sim\u00f3n<strong>, <\/strong>un ex asesor de Macri actualmente exiliado en Uruguay<\/em>\u201d. No, Morales. Rodr\u00edguez Sim\u00f3n est\u00e1 rebelde en causas que tramitan en nuestro pa\u00eds y en las que aparece imputado. No est\u00e1 \u201c<em>exiliado<\/em>\u201d en Uruguay sino que est\u00e1 pr\u00f3fugo. Tampoco es cierto que a Carlos Stornelli le hayan armado una causa en Dolores sino que, de m\u00ednima, lo que est\u00e1 probado es que intent\u00f3 usar los servicios de Marcelo D\u2019Alessio para incriminar a la actual pareja de su ex y para espiar al abogado Jos\u00e9 Manuel Ubeira.<\/p>\n\n\n\n<p>Una mentira m\u00e1s de don Joaqu\u00edn: dice que \u201c<em>Ramos Padilla fue luego ascendido a juez federal de La Plata con la funci\u00f3n clave de juez electoral de la provincia de Buenos Aires<\/em>\u201d. Falso. No se trat\u00f3 de un ascenso: Alejo Ramos Padilla era Juez Federal de primera instancia y lo sigui\u00f3 siendo, salvo que, por haber ganado el concurso pertinente, se lo traslad\u00f3 con la misma jerarqu\u00eda de Dolores a La Plata.<\/p>\n\n\n\n<p>Para terminar con esta columna y no agotar la paciencia de los eventuales lectores, vamos a otra editorial, esta vez del 17 de abril de 2023 y bajo el t\u00edtulo \u201c<em>La pr\u00e1ctica ilegal del espionaje<\/em>\u201d. T\u00edtulo que llama a enga\u00f1o. Porque <strong><em>LA NACI\u00d3N <\/em><\/strong>-o su editorialista- no se re\ufb01eren a los usos comunes que Mauricio Macri ha hecho del espionaje a lo largo de su carrera, no solo para descubrir las intenciones de sus opositores sino para controlar a su propia tropa y hasta a su familia. No, <strong><em>LA NACI\u00d3N <\/em><\/strong>no se tira nunca contra el ingeniero poco ingenioso, que al parecer es de su propia tropa, o acaso unido por intereses que van m\u00e1s all\u00e1 de lo ideol\u00f3gico, y que como es usual en nuestra derecha, se basan en lo econ\u00f3mico. \u00bfQui\u00e9nes ser\u00e1n los due\u00f1os y\/o asociados en el canal <em>LA NACI\u00d3N+<\/em>?<\/p>\n\n\n\n<p>Ojo, al principio de la editorial se dice que \u201c<em>El gobierno de Mauricio Macri tampoco ha escapado de denuncias de este tipo<\/em>\u201d. Claro que es muy distinto decir que hubo denuncias a afirmar que durante los gobiernos de Juan Per\u00f3n hubo un \u201c<em>estado de delaci\u00f3n permanente que se estableci\u00f3 en esa \u00e9poca en la administraci\u00f3n p\u00fablica, en la Justicia y hasta en la vida \u00edntima de los hogares<\/em>\u201d y que \u201c<em>en los per\u00edodos que ha tocado gobernar a N\u00e9stor y Cristina Kirchner y al hijo pol\u00edtico, Alberto Fern\u00e1ndez, aquella vocaci\u00f3n por saber lo que hablan los adversarios haya llegado a un punto de paroxismo por la psicolog\u00eda y comportamiento de las personalidades involucradas<\/em>\u201d. Como es costumbre inveterada del pasqu\u00edn de los Mitre-Saguier, tama\u00f1as afirmaciones no est\u00e1n avaladas por ninguna prueba, sino solo por los dichos del editorialista (cuya identidad se ignora).<\/p>\n\n\n\n<p>La intenci\u00f3n no declarada pero que queda abiertamente al descubierto de la editorial en cuesti\u00f3n es la de limpiar de culpa y cargo a los protagonistas de las escandalosas conversaciones sostenidas por el ex Ministro de Justicia y Seguridad porte\u00f1o Marcelo D\u2019Alessandro, que se hicieron p\u00fablicas en los \u00faltimos meses. Nada se dice del contenido de esas conversaciones -que abarcan t\u00f3picos tan distintos como la planificaci\u00f3n de distintas adulteraciones de documentos, el deseo de detener y maltratar al jefe de la PSA, las comisiones ilegales por negocios en la Ciudad Aut\u00f3noma y los fallos de cortesanos y otros magistrados-, pero s\u00ed se sostiene que fueron obtenidas ilegalmente y se deja traslucir que los autores de la intromisi\u00f3n en las aplicaciones de los tel\u00e9fonos en cuesti\u00f3n ser\u00edan de la Casa Rosada.<\/p>\n\n\n\n<p>Para demostrar la impudicia y el descaro del editorialista, basta recordar c\u00f3mo desde el mismo diario desataron un festival de acusaciones y ataques de todo tipo contra Cristina Fern\u00e1ndez de Kirchner, allegados y funcionarios de su gobierno, por la aparici\u00f3n de grabaciones manifiestamente ilegales que para peor eran manipuladas perversamente, cuesti\u00f3n que qued\u00f3 absolutamente en claro cuando quedaron a la luz hasta los cableados ilegales que se instalaban en establecimientos penitenciarios, y grabaciones obtenidas por los propios esp\u00edas del momento que mostraban c\u00f3mo se confabulaban jueces, funcionarios y empresarios para perseguir al odiado kirchnerismo.<\/p>\n\n\n\n<p>En esos casos, donde la ilegalidad ha quedado m\u00e1s que suficientemente demostrada y por consiguiente, la mala intenci\u00f3n de quienes utilizaron esos recursos para intentar destruir legal, \u00e9tica y socialmente a sus opositores, LA NACI\u00d3N no se quej\u00f3. Por el contrario, alegremente alguno de sus empleados dec\u00eda que recib\u00eda el material de ignotos proveedores que se le cruzaban corriendo por los bosques de Palermo. La hipocres\u00eda en su m\u00e1ximo nivel.<\/p>\n\n\n\n<p>No tienen verg\u00fcenza. No hacen un ejercicio \u00e9tico de la noble misi\u00f3n de informar. S\u00f3lo despliegan su odio y su malicia. Cada nota desmenuzada solo deja como resultado un mont\u00f3n de falsedades. Habr\u00e1 que decir, de una vez por todas, que lejos de ser periodistas o comunicadores son, pura y simplemente, mentirosos.<\/p>\n","protected":false},"excerpt":{"rendered":"<p>A veces no es necesario buscar en muchas de las columnas que publica la Tribuna&#8230;<\/p>\n","protected":false},"author":1,"featured_media":0,"comment_status":"open","ping_status":"open","sticky":false,"template":"","format":"standard","meta":{"footnotes":""},"categories":[17],"tags":[],"class_list":["post-840","post","type-post","status-publish","format-standard","hentry","category-contra-mitre"],"_links":{"self":[{"href":"https:\/\/luisalen.com\/index.php?rest_route=\/wp\/v2\/posts\/840","targetHints":{"allow":["GET"]}}],"collection":[{"href":"https:\/\/luisalen.com\/index.php?rest_route=\/wp\/v2\/posts"}],"about":[{"href":"https:\/\/luisalen.com\/index.php?rest_route=\/wp\/v2\/types\/post"}],"author":[{"embeddable":true,"href":"https:\/\/luisalen.com\/index.php?rest_route=\/wp\/v2\/users\/1"}],"replies":[{"embeddable":true,"href":"https:\/\/luisalen.com\/index.php?rest_route=%2Fwp%2Fv2%2Fcomments&post=840"}],"version-history":[{"count":1,"href":"https:\/\/luisalen.com\/index.php?rest_route=\/wp\/v2\/posts\/840\/revisions"}],"predecessor-version":[{"id":841,"href":"https:\/\/luisalen.com\/index.php?rest_route=\/wp\/v2\/posts\/840\/revisions\/841"}],"wp:attachment":[{"href":"https:\/\/luisalen.com\/index.php?rest_route=%2Fwp%2Fv2%2Fmedia&parent=840"}],"wp:term":[{"taxonomy":"category","embeddable":true,"href":"https:\/\/luisalen.com\/index.php?rest_route=%2Fwp%2Fv2%2Fcategories&post=840"},{"taxonomy":"post_tag","embeddable":true,"href":"https:\/\/luisalen.com\/index.php?rest_route=%2Fwp%2Fv2%2Ftags&post=840"}],"curies":[{"name":"wp","href":"https:\/\/api.w.org\/{rel}","templated":true}]}}