{"id":856,"date":"2023-05-09T23:47:00","date_gmt":"2023-05-09T23:47:00","guid":{"rendered":"https:\/\/luisalen.com\/?p=856"},"modified":"2023-08-15T23:48:48","modified_gmt":"2023-08-15T23:48:48","slug":"el-tren-fantasma","status":"publish","type":"post","link":"https:\/\/luisalen.com\/?p=856","title":{"rendered":"El tren fantasma"},"content":{"rendered":"\n<p><\/p>\n\n\n\n<p>En los parques de diversiones -que vaya uno a saber por qu\u00e9, son una especie casi extinguida-, uno de los sitios cuya visita era infaltable era el tren fantasma. Chicos -y no tanto-, entraban entusiasmados, se sentaban en los peque\u00f1os vagones y cuando el trencito se pon\u00eda en movimiento se pod\u00edan escuchar los gritos excitados de los pasajeros, cuando en el recodo menos pensado se les aparec\u00eda alg\u00fan monstruo legendario.<\/p>\n\n\n\n<p>A esta altura m\u00e1s de uno se preguntar\u00e1 qu\u00e9 pas\u00f3 con los contenidos de la columna, que no hay citas de diccionarios ni comentarios hist\u00f3ricos o cr\u00edticas filos\u00f3ficas. Por una semana, perm\u00edtanme divertirme a mi manera con esta realidad nuestra y sus personajes que me trajeron a la memoria tantas vueltas en los trenes fantasmas de mi infancia (y hasta de la adolescencia, cuando la oscuridad del recorrido era propicia para besar a la noviecita).<\/p>\n\n\n\n<p>Pensemos en el tren fantasma de nuestra derecha. Una advertencia antes de partir. No es el trencito de la infancia. Ac\u00e1 los fantasmas son reales, as\u00ed que si son de impresionarse f\u00e1cilmente preparen el esp\u00edritu para lo que se les viene. Porque cr\u00e9anme, el itinerario que nos proponen aterroriza al m\u00e1s valiente.<\/p>\n\n\n\n<p>Veamos. Apenas entrando al laberinto oscuro, se nos aparece el primer espectro: el fantasma dormil\u00f3n. A pesar de que sus per\u00edodos de actividad son pocos (si no est\u00e1 en la reposera pasa al sill\u00f3n a ver Netlix y de ah\u00ed otra vez a descansar), las consecuencias de sus acciones son devastadoras. Su principal caracter\u00edstica es la de usar el endeudamiento serial, aunque otros se\u00f1alan tambi\u00e9n la costumbre de espiar a todo el mundo. Tiene contactos de alg\u00fan tipo con todos los otros fantasmas, se dice que a la mayor\u00eda los cobij\u00f3 \u00e9l en el t\u00fanel del horror. Desprecia fuertemente a las provincias, sobre todo a las del norte.<\/p>\n\n\n\n<p>Saliendo de la cueva del dormil\u00f3n, el segundo espectro es el gorila calvo. Bajo un barniz de aparente amabilidad, este fantasma te destruye los espacios verdes y construye proyectos inmobiliarios que atentan contra el medio ambiente y a los que se accede por ins\u00f3litas bicisendas de doble mano, cuyo principal efecto es el de confundir a peatones, automovilistas y a los propios ciclistas. Igual, para transitarlas hay que pagar peajes descomunales. Se lo recuerda tambi\u00e9n por haber negado pagos a reconocidos cirujanos que terminaron agobiados por el destrato al punto de quitarse la vida.<\/p>\n\n\n\n<p>En aquel episodio el gorila calvo no estuvo solo. Lo secundaba el tercer espectro, que se aparece bajo el disfraz de un hada. Salta de distrito en distrito y por donde pasa deja tierra arrasada. Con particular sa\u00f1a, acumula todo tipo de obst\u00e1culos en los caminos que llevan a las universidades, para impedir que alg\u00fan pobre llegue a las mismas. Tambi\u00e9n ocasiona desastres en otros centros educativos: las escuelas estallan a su paso.<\/p>\n\n\n\n<p>Cuarta etapa del recorrido espectral. El tren tom\u00f3 para el norte y ah\u00ed, casi en el extremo del t\u00fanel, aparece el carcelero. El tipo se encarga de armar entramados que le permiten meter en la c\u00e1rcel a cualquiera que no le guste (especialmente si se trata de mujeres, que vengan de los pueblos originarios y que pretendan ayudar a los pobres). Es un espectro ambicioso, que pretende extender su sistema carcelario a todo el pa\u00eds. De paso, va tirando abajo todo lo que hayan hecho sus v\u00edctimas, sobre todo barrios, escuelas, centros de salud y hasta piletas.<\/p>\n\n\n\n<p>La marcha del tren no da descanso a los pobres pasajeros. Sonidos atemorizantes se escuchan por todas partes: algunos creen reconocer al fantasma dormil\u00f3n imitando a un rockero m\u00edtico, con tal virulencia que los t\u00edmpanos del oyente desprevenido parecen estallar. Otros sostienen que en realidad son ecos de un pasado t\u00e9trico, gritos de dolor de v\u00edctimas de otros tiempos que siguen reclamando justicia.<\/p>\n\n\n\n<p>Exactamente por ah\u00ed pasan las nuevas apariciones: cuatro fantasmas -tres por un lado y el restante por otro-, que le robaron la venda y la balanza a la estatua de la justicia y flotan por encima de todo, son los que deciden qu\u00e9 se puede y qu\u00e9 no se puede hacer. Siempre resuelven para el mismo lado, salvo cuando se pelean entre ellos. Pero tienen un acuerdo b\u00e1sico: van a fallar siempre en contra de la gente, nunca a favor. Por ejemplo, como no est\u00e1n muy convencidos de que cualquiera pueda elegir se les da por suspender elecciones.<\/p>\n\n\n\n<p>Como un subgrupo de los cuatro fantasmas anteriores, hay un recodo que bajo el nombre comodoro pro cobija a un enjambre de espectros que se dedican m\u00e1s que nada a perseguir ex presidentas y funcionarios. Entre todos han creado una nueva especie de flagelo, que suelen llamar \u201cderecho creativo\u201d. Se re\u00fanen, a veces, escondi\u00e9ndose en los lagos del t\u00fanel.<\/p>\n\n\n\n<p>En esas reuniones participan otros tantos espantap\u00e1jaros bandidos, algunos que escriben y escriben noticias falsas y discursos de odio, y otros que difunden lo mismo a trav\u00e9s de unas pantallas que causan da\u00f1os cerebrales profundos. Todos reconocen como jefe a un espectro mayor al que creen poseedor de un magnetismo letal. El lago tiene su propio espectro, un pirata que solo maldice en ingl\u00e9s.<\/p>\n\n\n\n<p>El recorrido ahora depara el susto que causa encontrarse con la fantasma saltimbanqui, que corre de un lado a otro diciendo cosas diferentes seg\u00fan sea el lugar donde se para. Tuvo una horda de servidores que apuntaban contra las espaldas de todo lo que no le gustaba a la jefa, que dispone de muchos ayudantes que borran tel\u00e9fonos y amenazan con pistolas el\u00e9ctricas que son muy similares a las picanas. La saltimbanqui proclama que va a llegar hasta lo m\u00e1s alto, aunque para eso tenga que pasar por encima del gorila calvo que quiere trepar primero. Uno de sus ataques preferidos tiene como v\u00edctimas a jubilados y empleados p\u00fablicos a los que despoja de parte de sus ingresos.<\/p>\n\n\n\n<p>Otro gorila calvo que ataca lanzando cifras y n\u00fameros incomprensibles promete plomo para todo el mundo. No tiene un lenguaje muy comprensible, solo se escuchan con claridad insultos de los peores y amenazas de demolici\u00f3n de cualquier traba que impida que los ricos sean a\u00fan m\u00e1s ricos y se puedan apoderar de lo poco que todav\u00eda no han conquistado. Con los fantasmas que lo siguen se la pasan refunfu\u00f1ando y negando con la cabeza mientras gru\u00f1en algo como no fueron treinta mil.<\/p>\n\n\n\n<p>Ojo que esa frase la repiten con mayor o menor fuerza todos los espectros del t\u00fanel. Que cuando el pasajero cree que va llegando al final del recorrido se topa con otro gorila, este melenudo y aullador que termina todos sus ataques delirantes con un carajo escupido a la cara de sus v\u00edctimas. Se especializa en despojar de sus \u00f3rganos vitales a los que caen en su poder, \u00f3rganos que despu\u00e9s guarda en una heladerita de Telgopor y pretende vender en las ferias ambulantes (a las que jura que va a privatizar). Dice ser dinamitero y tener como objetivo el Banco Central; es machirulo y mis\u00f3gino, y copia con entusiasmo -de cualquier sitio de las redes-, apuntes que luego firma como trabajos propios. Con el gorila calvo tiene una especial inquina, que no se extiende tanto a la saltimbanqui. Sus \u00faltimas apariciones fueron para intentar consolidar un mercado de venta de ni\u00f1as y ni\u00f1os.<\/p>\n\n\n\n<p>Ojo que si bien parece que el tren termina el recorrido, como los guardas no son muy de confiar capaz que no te dejan bajar y el viaje empieza una y otra vez. La buena gente se pregunta por qu\u00e9 los gobernantes permiten la subsistencia de este tren, que no aporta nada \u00fatil, y que a diferencia de aquellos de nuestra ni\u00f1ez que de estrafalarios causaban gracia, estos producen un miedo visceral. Porque los espectros parecen cada vez m\u00e1s vivos y m\u00e1s presentes.<\/p>\n\n\n\n<p>Aclaro ahora por qu\u00e9 se me ocurri\u00f3 hablar de este tema en la columna. Las notas de pol\u00edtica de la Tribuna de Doctrina de hoy, 9 de mayo de 2023, tienen como protagonistas principales a los ministros de la Corte de los Milagros, que como no ten\u00edan nada m\u00e1s que hacer suspendieron las elecciones en Tucum\u00e1n y San Juan, a cinco d\u00edas de que se debieran realizar. Acto aplaudido por la oposici\u00f3n, por supuesto. Cuyas figuras se jactaron de haberle puesto freno a la intenci\u00f3n del kirchnerismo de perpetuarse. Cosa rara, los amarillos gobiernan desde 200t7 en la ciudad aut\u00f3noma, pero parece que ah\u00ed s\u00ed puede haber perpetuidad. Por otra parte, que uno sepa es la gente que habita en esas provincias la que con su voto debe decidir qui\u00e9n va a ser el gobernante.&nbsp;<\/p>\n\n\n\n<p><strong><em>LA NACI\u00d3N<\/em><\/strong> le da mucho espacio, c\u00f3mo no, a Patricia Bullrich y a Horacio Rodr\u00edguez Larreta. Como una especie de anticipo, sus editoriales dicen que en La Rioja gan\u00f3 el clientelismo y hablan sobre la imperiosa necesidad de defender a la Corte. Como si hubieran sabido de antemano qu\u00e9 iba a pasar unas horas despu\u00e9s. A Milei no lo tratan muy bien, pero por las dudas lo equiparan con Jos\u00e9 Antonio Kast, el ultraderechista chileno que acaba de obtener un triunfo electoral en los comicios para constituyentes. De los tel\u00e9fonos borrados de las secretarias de Milman en las oficinas de Bullrich, solo las opiniones de otro empleado medi\u00e1tico que cree que todo es un mamarracho jur\u00eddico.<\/p>\n\n\n\n<p>Que cada uno saque sus conclusiones. Vean las p\u00e1ginas del pasqu\u00edn de don Bartolo, o las pantallas de su se\u00f1al de cable, y anoten qu\u00e9 personajes circulan por ah\u00ed. Y despu\u00e9s, acu\u00e9rdense de Antonio Gramsci y cu\u00e1les fueron sus palabras cuando ascend\u00eda el fascismo: \u00ab<em>El viejo mundo se muere. El nuevo tarda en aparecer. Y en ese claroscuro surgen los monstruos<\/em>\u00bb. Ac\u00e1 tambi\u00e9n aparecen los monstruos, y a m\u00ed se me ocurri\u00f3 hacerlos pasear por un tren fantasma.<\/p>\n","protected":false},"excerpt":{"rendered":"<p>En los parques de diversiones -que vaya uno a saber por qu\u00e9, son una especie&#8230;<\/p>\n","protected":false},"author":1,"featured_media":0,"comment_status":"open","ping_status":"open","sticky":false,"template":"","format":"standard","meta":{"footnotes":""},"categories":[17],"tags":[],"class_list":["post-856","post","type-post","status-publish","format-standard","hentry","category-contra-mitre"],"_links":{"self":[{"href":"https:\/\/luisalen.com\/index.php?rest_route=\/wp\/v2\/posts\/856","targetHints":{"allow":["GET"]}}],"collection":[{"href":"https:\/\/luisalen.com\/index.php?rest_route=\/wp\/v2\/posts"}],"about":[{"href":"https:\/\/luisalen.com\/index.php?rest_route=\/wp\/v2\/types\/post"}],"author":[{"embeddable":true,"href":"https:\/\/luisalen.com\/index.php?rest_route=\/wp\/v2\/users\/1"}],"replies":[{"embeddable":true,"href":"https:\/\/luisalen.com\/index.php?rest_route=%2Fwp%2Fv2%2Fcomments&post=856"}],"version-history":[{"count":1,"href":"https:\/\/luisalen.com\/index.php?rest_route=\/wp\/v2\/posts\/856\/revisions"}],"predecessor-version":[{"id":857,"href":"https:\/\/luisalen.com\/index.php?rest_route=\/wp\/v2\/posts\/856\/revisions\/857"}],"wp:attachment":[{"href":"https:\/\/luisalen.com\/index.php?rest_route=%2Fwp%2Fv2%2Fmedia&parent=856"}],"wp:term":[{"taxonomy":"category","embeddable":true,"href":"https:\/\/luisalen.com\/index.php?rest_route=%2Fwp%2Fv2%2Fcategories&post=856"},{"taxonomy":"post_tag","embeddable":true,"href":"https:\/\/luisalen.com\/index.php?rest_route=%2Fwp%2Fv2%2Ftags&post=856"}],"curies":[{"name":"wp","href":"https:\/\/api.w.org\/{rel}","templated":true}]}}