{"id":863,"date":"2023-06-22T00:23:00","date_gmt":"2023-06-22T00:23:00","guid":{"rendered":"https:\/\/luisalen.com\/?p=863"},"modified":"2023-08-16T00:24:37","modified_gmt":"2023-08-16T00:24:37","slug":"otra-vez","status":"publish","type":"post","link":"https:\/\/luisalen.com\/?p=863","title":{"rendered":"Otra vez"},"content":{"rendered":"\n<p>Argentina, 19 y 20 de diciembre de 2001. El gobierno de Fernando de la R\u00faa, que integran<\/p>\n\n\n\n<p>entre otros Patricia Bullrich, Gerardo Morales y Horacio Rodr\u00edguez Larreta, enfrenta<\/p>\n\n\n\n<p>movilizaciones populares que muestran el descontento de la poblaci\u00f3n con la pol\u00edtica. Que<\/p>\n\n\n\n<p>se vayan todos, es el reclamo generalizado. La respuesta es una brutal represi\u00f3n que causa<\/p>\n\n\n\n<p>treinta y nueve v\u00edctimas. De la R\u00faa renuncia y se aleja en un helic\u00f3ptero. La Alianza ha<\/p>\n\n\n\n<p>fracasado rotundamente.<\/p>\n\n\n\n<p>Jujuy, junio de 2023. Gobierna Gerardo Morales, que representa a la nueva alianza, Juntos<\/p>\n\n\n\n<p>por el Cambio, donde se presentan como precandidatos presidenciales Patricia Bullrich y<\/p>\n\n\n\n<p>Horacio Rodr\u00edguez Larreta. El triunfo en las elecciones provinciales envalentona a Morales,<\/p>\n\n\n\n<p>que impulsa una reforma constitucional que r\u00e1pidamente se da como aprobada. La<\/p>\n\n\n\n<p>poblaci\u00f3n juje\u00f1a sale a reclamar por sus salarios, su tierra, su derecho a participar de algo<\/p>\n\n\n\n<p>tan importante como el plan de vida en com\u00fan que se configura en un texto constitucional.<\/p>\n\n\n\n<p>Como en la \u00e9poca de la dictadura, cuando Carlos Pedro Tadeo Blaquier se\u00f1alaba a las<\/p>\n\n\n\n<p>comisiones gremiales y prestaba los veh\u00edculos del Ingenio Ledesma para que se llevaran a<\/p>\n\n\n\n<p>los detenidos-desaparecidos, Morales desata la represi\u00f3n m\u00e1s feroz, con personas que<\/p>\n\n\n\n<p>sufren golpes y disparos que llevan a que un joven de diecisiete a\u00f1os pierda un ojo, y<\/p>\n\n\n\n<p>camionetas blancas de empresas contratistas del gobierno son usadas para llevar a las<\/p>\n\n\n\n<p>c\u00e1rceles a decenas de personas.<\/p>\n\n\n\n<p>\u00bfQu\u00e9 dice la Tribuna de Doctrina? Por un lado, celebra el \u201cFuerte gesto de unidad en JxC<\/p>\n\n\n\n<p>para respaldar al gobernador\u201d (21\/06\/2023). \u201cEn una conferencia de prensa conjunta, los<\/p>\n\n\n\n<p>l\u00edderes opositores se solidarizaron con Morales ante lo que consideraron un \u201catropello<\/p>\n\n\n\n<p>descomunal\u201d a las instituciones y repudiaron las manifestaciones violentas de dirigentes de<\/p>\n\n\n\n<p>la izquierda y del kirchnerismo, que intentaron ingresar a la sede del Poder Legislativo para<\/p>\n\n\n\n<p>frenar la aprobaci\u00f3n de la nueva carta magna de la provincia. En medio de las negociaciones<\/p>\n\n\n\n<p>fren\u00e9ticas por el cierre de listas electorales con vistas a las PASO, los jefes opositores<\/p>\n\n\n\n<p>lograron dejar de lado sus diferencias por unas horas y exhibir una se\u00f1al de articulaci\u00f3n para<\/p>\n\n\n\n<p>darle un espaldarazo a Morales por la crisis. Tanto Larreta y Bullrich como el radical Mart\u00edn<\/p>\n\n\n\n<p>Lousteau, Maximiliano Ferraro (Coalici\u00f3n C\u00edvica) y Miguel \u00c1ngel Pichetto (Encuentro<\/p>\n\n\n\n<p>Republicano Federal) y Jos\u00e9 Luis Espert (Avanza Libertad) coincidieron en apuntar contra el<\/p>\n\n\n\n<p>gobierno de Alberto Fern\u00e1ndez y Cristina Kirchner por el violento ataque de los<\/p>\n\n\n\n<p>manifestantes a Legislatura provincial y las protestas en las rutas de Jujuy contra los<\/p>\n\n\n\n<p>cambios en la Constituci\u00f3n\u201d. La unidad tan reclamada de la derecha, se da por uno de los<\/p>\n\n\n\n<p>hechos m\u00e1s significativamente antidemocr\u00e1ticos: el ataque violento, desde el poder, contra<\/p>\n\n\n\n<p>la disidencia. \u00bfEl plan de gobierno de Juntos por el Cambio, si triunfa en las presidenciales?<\/p>\n\n\n\n<p>\u201cUna violencia que anticipa m\u00e1s violencia\u201d (escribe Joaqu\u00edn Morales Sol\u00e1, el 21\/06\/2023).<\/p>\n\n\n\n<p>\u201cLas principales rutas de Jujuy siguen cortadas por grupos de piqueteros, la mayor\u00eda de ellos<\/p>\n\n\n\n<p>identificados pol\u00edticamente con el kirchnerismo\u201d. Falso. Ni piqueteros ni mayoritariamente<\/p>\n\n\n\n<p>kirchneristas: pobladores desalojados de sus campos, docentes reclamando paritarias,<\/p>\n\n\n\n<p>empleados estatales protestando por sus salarios miserables. \u201cLa protesta es por la reforma<\/p>\n\n\n\n<p>constitucional y, m\u00e1s precisamente, por sus art\u00edculos 50, referido a los derechos y garant\u00edas<\/p>\n\n\n\n<p>de los pueblos ind\u00edgenas, y el 36, cuya ampliaci\u00f3n actualizaba el derecho a la propiedad<\/p>\n\n\n\n<p>privada\u201d. Falso. La protesta comenz\u00f3 d\u00edas antes de la aprobaci\u00f3n de la reforma, y con un<\/p>\n\n\n\n<p>contenido de reclamos salariales. Con el correr de los d\u00edas, y con la aprobaci\u00f3n de la reforma<\/p>\n\n\n\n<p>entre gallos y medianoches, el reclamo se ampli\u00f3 y se pidi\u00f3 que se dejara sin efecto toda la<\/p>\n\n\n\n<p>reforma, no solo esos dos art\u00edculos.<\/p>\n\n\n\n<p>\u201cEl mandatario provincial, que es tambi\u00e9n precandidato presidencial de Juntos por el<\/p>\n\n\n\n<p>Cambio, orden\u00f3 la represi\u00f3n con balas de gomas y gases lacrim\u00f3genos cuando los<\/p>\n\n\n\n<p>manifestantes amenazaban con destruir la sede de la Legislatura provincial; de hecho,<\/p>\n\n\n\n<p>algunos manifestantes que lograron entrar al recinto parlamentario comenzaron a prender<\/p>\n\n\n\n<p>fuego. Los desmanes se trasladaron luego a la calle, donde los revoltosos incendiaron y<\/p>\n\n\n\n<p>destruyeron varios autom\u00f3viles particulares\u201d. Falso. En la represi\u00f3n, como claramente se<\/p>\n\n\n\n<p>pudo ver en las transmisiones televisivas, quienes comenzaron a prender fuego fueron<\/p>\n\n\n\n<p>personas de civil, ajenas a las manifestaciones, que contaban con la aquiescencia policial. El<\/p>\n\n\n\n<p>veh\u00edculo incendiado era de propiedad de Santiago Zamora, dirigente del PTP y la CCC, y de<\/p>\n\n\n\n<p>Miriam Morales, referente hist\u00f3rica de la Multisectorial de Mujeres y Disidencias de Jujuy y<\/p>\n\n\n\n<p>secretaria de genero de la CTA Aut\u00f3noma.<\/p>\n\n\n\n<p>\u201cMorales mantuvo en el nuevo texto de la Cons`tuci\u00f3n la prohibici\u00f3n de cortar las rutas<\/p>\n\n\n\n<p>provinciales. Esa disposici\u00f3n es ahora el centro de las violentas protestas. Fue considerada<\/p>\n\n\n\n<p>por el kirchnerismo y la izquierda como un menoscabo del derecho a la protesta. Sin<\/p>\n\n\n\n<p>embargo, ese art\u00edculo de la nueva Constituci\u00f3n juje\u00f1a est\u00e1 respaldado por la Constituci\u00f3n<\/p>\n\n\n\n<p>nacional, que garantiza la libre circulaci\u00f3n de los argentinos, y por el art\u00edculo 194 del C\u00f3digo<\/p>\n\n\n\n<p>Penal, que sanciona a cualquiera que estorbe o impida el transporte por tierra, aire o mar\u201d.<\/p>\n\n\n\n<p>Una versi\u00f3n que s\u00f3lo se ajusta parcialmente a la realidad y la deforma, y que por lo tanto es<\/p>\n\n\n\n<p>falsa. La Constituci\u00f3n habla del derecho de los habitantes de entrar, permanecer, transitar y<\/p>\n\n\n\n<p>salir del territorio argentino, luego de consagrar el derecho de peticionar a las autoridades.<\/p>\n\n\n\n<p>El C\u00f3digo Penal, por su parte, habla del que, sin crear una situaci\u00f3n de peligro com\u00fan,<\/p>\n\n\n\n<p>impidiere, estorbare o entorpeciere el normal funcionamiento de los transportes por tierra,<\/p>\n\n\n\n<p>agua o aire o los servicios p\u00fablicos de comunicaci\u00f3n, de provisi\u00f3n de agua, de electricidad<\/p>\n\n\n\n<p>o de sustancias energ\u00e9dcas. Cortar una calle, o una ruta, no impide que se use otra v\u00eda de<\/p>\n\n\n\n<p>circulaci\u00f3n. Que se causan molesdas nadie lo niega, pero se endende que es la manera en<\/p>\n\n\n\n<p>que quienes reclaman pueden hacerse o\u00edr.<\/p>\n\n\n\n<p>Por otra parte la Constituci\u00f3n en el inciso 12 del argculo 75, referido a las facultades del<\/p>\n\n\n\n<p>Congreso, establece claramente que la legislaci\u00f3n penal es una facultad exclusiva del<\/p>\n\n\n\n<p>Congreso federal y por ende vedada a las provincias. Cuando la reforma en el apartado 3 del<\/p>\n\n\n\n<p>inciso 4 del nuevo art\u00edculo 67 de la Constituci\u00f3n juje\u00f1a establece la prohibici\u00f3n de cortes de<\/p>\n\n\n\n<p>calles y cortes de rutas, as\u00ed como toda otra perturbaci\u00f3n al derecho a la libre circulaci\u00f3n de<\/p>\n\n\n\n<p>las personas y la ocupaci\u00f3n indebida de edificios p\u00fablicos en la Provincia, est\u00e1 creando una<\/p>\n\n\n\n<p>nueva figura delictiva en abierta violaci\u00f3n de lo establecido constitucionalmente.<\/p>\n\n\n\n<p>El inciso 22 del art. 75 de la Consdtuci\u00f3n Nacional otorga al Congreso Federal la facultad de<\/p>\n\n\n\n<p>aprobar o desechar tratados concluidos con las dem\u00e1s naciones y con las organizaciones<\/p>\n\n\n\n<p>internacionales y los concordatos con la Santa Sede. Los tratados y concordatos denen<\/p>\n\n\n\n<p>jerarqu\u00eda superior a las leyes. Sin embargo, el juego de los arts. 3, 145 inc. 33 y 159 inc. 7<\/p>\n\n\n\n<p>incluidos por la reforma de Morales faculta al gobernador, con la aprobaci\u00f3n de la<\/p>\n\n\n\n<p>legislatura, a &#8220;aprobar o desechar los acuerdos y convenios celebrados con la Naci\u00f3n, las<\/p>\n\n\n\n<p>Provincias, los municipios, los entes p\u00fablicos y privados extranjeros, y los organismos<\/p>\n\n\n\n<p>internacionales y otras potencias extranjeras&#8221;; solo debe anoticiar al Congreso Federal.<\/p>\n\n\n\n<p>Como si fuera una entidad independiente.<\/p>\n\n\n\n<p>Por ac\u00e1 va lo que realmente se busca con la reforma. Que establece \u201cla protecci\u00f3n de los<\/p>\n\n\n\n<p>recursos naturales existentes en su territorio frente a cualquier injerencia indebida de la<\/p>\n\n\n\n<p>Naci\u00f3n, o de otras provincias, promoviendo el aprovechamiento sostenible de esos recursos\u201d.<\/p>\n\n\n\n<p>Para eso se faculta a celebrar tratados, acuerdos y convenios. L\u00e9ase, para explotar el litio sin<\/p>\n\n\n\n<p>compartir sus beneficios con nadie. O sea, como lo pidieron la titular del Comando Sur de<\/p>\n\n\n\n<p>Estados Unidos, Generala Laura Richardson, o la presidenta de la Comisi\u00f3n Europea \u00darsula<\/p>\n\n\n\n<p>von der Leyen, en sus recientes visitas.<\/p>\n\n\n\n<p>Como previsiblemente esa entrega del patrimonio nacional, por otra parte cargada de<\/p>\n\n\n\n<p>riesgos ambientales que en nada preocuparon al gobierno de Morales desde diciembre de<\/p>\n\n\n\n<p>2015 y hasta ahora, va a ser rechazada por la poblaci\u00f3n, ah\u00ed viene la prohibici\u00f3n de la<\/p>\n\n\n\n<p>protesta y su criminalizaci\u00f3n. Y por si alguien tiene dudas de c\u00f3mo piensa proceder la<\/p>\n\n\n\n<p>derecha en el poder, las im\u00e1genes de la represi\u00f3n en Jujuy se las aclara.<\/p>\n\n\n\n<p>Claro que algunos se empe\u00f1an en ver cualquier otra cosa, y en igualar lo que no puede ser<\/p>\n\n\n\n<p>comparado. \u201cEl kirchnerismo, la izquierda y su ensayo destituyente\u201d reza la editorial de LA NACI\u00d3N<\/p>\n\n\n\n<p>del 22\/06\/2023 que se queja de la no condena de Alberto y Cristina sobre el caso de Cecilia<\/p>\n\n\n\n<p>Strzyzowski, la joven desaparecida en Chaco. Por supuesto que ese caso merece toda la<\/p>\n\n\n\n<p>atenci\u00f3n, y si como todo parece indicar, se establece que se trat\u00f3 de un brutal femicidio, sus<\/p>\n\n\n\n<p>responsables deben ser sancionados con todo el peso de la ley. Pero ocurre que solo tres<\/p>\n\n\n\n<p>d\u00edas despu\u00e9s de la denuncia de desaparici\u00f3n de la joven, comenzaron las detenciones de los<\/p>\n\n\n\n<p>imputados, sin que las impidiera su calidad de dirigentes sociales vinculados al gobierno de<\/p>\n\n\n\n<p>Jorge Capitanich. Siete personas detenidas y ning\u00fan obst\u00e1culo para la actuaci\u00f3n judicial. \u00bfEn<\/p>\n\n\n\n<p>qu\u00e9 se puede parecer eso a la brutal represi\u00f3n desatada por Morales y aplaudida por sus<\/p>\n\n\n\n<p>socios de Juntos por el Cambio?<\/p>\n\n\n\n<p>La editorial no se priva de dejar sentadas m\u00e1s falsedades: \u201clas acciones de vandalismo se<\/p>\n\n\n\n<p>profundizaron y el nivel de violencia creci\u00f3, con el aporte de activistas ligados a la<\/p>\n\n\n\n<p>agrupaci\u00f3n T\u00fapac Amaru, liderada por Milagro Sala, y de grupos izquierdistas y kirchneristas<\/p>\n\n\n\n<p>que, en algunos casos, llegaron en los \u00faltimos d\u00edas desde la provincia de Buenos Aires\u201d. Hace<\/p>\n\n\n\n<p>m\u00e1s de siete a\u00f1os que Milagro Sala est\u00e1 injustamente detenida. No se detect\u00f3 la presencia<\/p>\n\n\n\n<p>de militantes de su agrupaci\u00f3n, en las protestas. En las decenas de detenidos no hubo nadie<\/p>\n\n\n\n<p>de la provincia de Buenos Aires. S\u00f3lo un disparate pronunciado por el jefe de polic\u00eda, que<\/p>\n\n\n\n<p>supuso que los manifestantes ten\u00edan tonada porte\u00f1a, y una fotograf\u00eda publicada por<\/p>\n\n\n\n<p>Morales que r\u00e1pidamente se demostr\u00f3 que correspond\u00eda a un suceso de abril de 2022 en la<\/p>\n\n\n\n<p>localidad bonaerense de Guernica, abonaron la mentira del pasqu\u00edn neo mitrista.<\/p>\n\n\n\n<p>Por las dudas, en medio de todo esto, otra editorial de LA NACI\u00d3N (Jueces sin justicia: a 50<\/p>\n\n\n\n<p>a\u00f1os de una decisi\u00f3n hist\u00f3rica, 21\/06\/2023) reivindica la actuaci\u00f3n de la tristemente c\u00e9lebre<\/p>\n\n\n\n<p>C\u00e1mara Federal en lo Penal, el engendro creado por la dictadura de Alejandro Agust\u00edn<\/p>\n\n\n\n<p>Lanusse para contar con una comisi\u00f3n especial -de las que expresamente proh\u00edbe la<\/p>\n\n\n\n<p>Constituci\u00f3n- que diera un barniz supuestamente jur\u00eddico a la persecuci\u00f3n contra la<\/p>\n\n\n\n<p>oposici\u00f3n. Miente el editorialista cuando sostiene que \u201cDurante el funcionamiento de este<\/p>\n\n\n\n<p>\u00f3rgano de justicia de tan corta como relevante actuaci\u00f3n, no existi\u00f3 una sola persona<\/p>\n\n\n\n<p>desaparecida\u201d. Sin esforzar mucho la memoria, aparecen los casos de Marcelo Verd y su<\/p>\n\n\n\n<p>esposa Sara Palacios, desaparecidos el 2 de julio de 1971 en San Juan; de Mirta Misetich,<\/p>\n\n\n\n<p>que fue secuestrada ilegalmente el 13 de julio del mismo a\u00f1o en la Capital Federal, o de Luis<\/p>\n\n\n\n<p>Pujals, desaparecido el 17 de sepdembre de 1971 en Rosario. Ninguna de esas<\/p>\n\n\n\n<p>desapariciones fue esclarecida y sus autores gozan de impunidad.<\/p>\n\n\n\n<p>Frente a la posibilidad de que se cumplan sus deseos y la derecha gane las elecciones,<\/p>\n\n\n\n<p>\u00bfextra\u00f1ar\u00e1 LA NACI\u00d3N la posibilidad de contar con un nuevo Camar\u00f3n que encarcele<\/p>\n\n\n\n<p>opositores por todo el pa\u00eds? Porque hay cosas que siguen iguales. Como en 1971. Como en<\/p>\n\n\n\n<p>1976. Como en diciembre de 2001. La derecha no cambia de m\u00e9todos, su \u00fanica voluntad es<\/p>\n\n\n\n<p>la de enriquecer a unos pocos a costa de las mayor\u00edas. Nada de derechos para la gente, y<\/p>\n\n\n\n<p>represi\u00f3n, violencia y muerte para el que se oponga. La historia se repite. Aunque se llenen<\/p>\n\n\n\n<p>la boca de palabras como democracia, rep\u00fablica, insdtuciones y paz social lo \u00fanico que<\/p>\n\n\n\n<p>muestran es el pestilente hedor de la muerte.<\/p>\n","protected":false},"excerpt":{"rendered":"<p>Argentina, 19 y 20 de diciembre de 2001. El gobierno de Fernando de la R\u00faa,&#8230;<\/p>\n","protected":false},"author":1,"featured_media":0,"comment_status":"open","ping_status":"open","sticky":false,"template":"","format":"standard","meta":{"footnotes":""},"categories":[17],"tags":[],"class_list":["post-863","post","type-post","status-publish","format-standard","hentry","category-contra-mitre"],"_links":{"self":[{"href":"https:\/\/luisalen.com\/index.php?rest_route=\/wp\/v2\/posts\/863","targetHints":{"allow":["GET"]}}],"collection":[{"href":"https:\/\/luisalen.com\/index.php?rest_route=\/wp\/v2\/posts"}],"about":[{"href":"https:\/\/luisalen.com\/index.php?rest_route=\/wp\/v2\/types\/post"}],"author":[{"embeddable":true,"href":"https:\/\/luisalen.com\/index.php?rest_route=\/wp\/v2\/users\/1"}],"replies":[{"embeddable":true,"href":"https:\/\/luisalen.com\/index.php?rest_route=%2Fwp%2Fv2%2Fcomments&post=863"}],"version-history":[{"count":1,"href":"https:\/\/luisalen.com\/index.php?rest_route=\/wp\/v2\/posts\/863\/revisions"}],"predecessor-version":[{"id":864,"href":"https:\/\/luisalen.com\/index.php?rest_route=\/wp\/v2\/posts\/863\/revisions\/864"}],"wp:attachment":[{"href":"https:\/\/luisalen.com\/index.php?rest_route=%2Fwp%2Fv2%2Fmedia&parent=863"}],"wp:term":[{"taxonomy":"category","embeddable":true,"href":"https:\/\/luisalen.com\/index.php?rest_route=%2Fwp%2Fv2%2Fcategories&post=863"},{"taxonomy":"post_tag","embeddable":true,"href":"https:\/\/luisalen.com\/index.php?rest_route=%2Fwp%2Fv2%2Ftags&post=863"}],"curies":[{"name":"wp","href":"https:\/\/api.w.org\/{rel}","templated":true}]}}