{"id":865,"date":"2023-04-26T00:41:00","date_gmt":"2023-04-26T00:41:00","guid":{"rendered":"https:\/\/luisalen.com\/?p=865"},"modified":"2023-08-16T00:42:03","modified_gmt":"2023-08-16T00:42:03","slug":"la-historia-sin-fin","status":"publish","type":"post","link":"https:\/\/luisalen.com\/?p=865","title":{"rendered":"La historia sin fin"},"content":{"rendered":"\n<p><\/p>\n\n\n\n<p>Cualquiera que tengo unos a\u00f1os y buena memoria, viendo c\u00f3mo se van desencadenando ciertos sucesos a medida que avanza el a\u00f1o electoral puede decir que esto ya lo vivi\u00f3. Como si vivi\u00e9ramos atrapados en un tiempo que se repite inexorablemente cada tanto, otra vez vemos c\u00f3mo un grupo de especuladores opera sobre el d\u00f3lar para provocar corridas cambiarias que llevan a nuevos aumentos de precios que dan como resultado una escalada in\ufb02acionaria que parece indetenible. La historia sin \ufb01n, pero no aquella pel\u00edcula de mediados de los 80 que supo encantar a chicos y grandes, sino una de terror que para peor no es una \ufb01cci\u00f3n sino la triste realidad.<\/p>\n\n\n\n<p>Siempre es bueno ejercitar la memoria. Cuando terminaba el gobierno de Ra\u00fal Alfons\u00edn, una serie de acciones emprendidas por quienes deseaban que el nacido en Chascom\u00fas se fuera de una vez trajeron como consecuencia la decisi\u00f3n de adelantar las elecciones, y frente a la derrota electoral, de entregar el poder antes de que concluyera el per\u00edodo \ufb01jado por nuestro ordenamiento legal en aquellos tiempos. Todo en medio de una hiperin\ufb02aci\u00f3n que empobrec\u00eda cada d\u00eda un poco m\u00e1s a la poblaci\u00f3n, y con un condimento extra: el mismo economista que hab\u00eda estatizado la deuda externa privada en tiempos de la dictadura, fue a pedir a los centros \ufb01nancieros internacionales que no dieran m\u00e1s cr\u00e9dito a la Argentina.<\/p>\n\n\n\n<p>La consecuencia de todas esas maniobras fue que el nuevo mandatario abandonara los principios del movimiento que lo llev\u00f3 al poder y abrazara con fe de converso al neoliberalismo. Aquel economista que pidi\u00f3 sanciones contra el pa\u00eds lleg\u00f3 al Ministerio de Econom\u00eda e instal\u00f3 una \ufb01cci\u00f3n -la convertibilidad que equiparaba al peso con el d\u00f3lar-, que por un tiempo le permiti\u00f3 frenar la escalada in\ufb02acionaria, pero que tuvo un alt\u00edsimo precio para el pa\u00eds: las privatizaciones de las empresas p\u00fablicas, el desguace del ferrocarril, la p\u00e9rdida de derechos de los trabajadores disfrazada de \ufb02exibilizaci\u00f3n laboral, la destrucci\u00f3n del sistema de seguridad social entregado a las AFJP.<\/p>\n\n\n\n<p>Con el viento a favor que le daba la ilusi\u00f3n de estabilidad, Carlos Menem acord\u00f3 con Alfons\u00edn la reforma constitucional que le permiti\u00f3 ser reelegido. Una reforma que vino, de alguna manera, a ordenar la situaci\u00f3n que exist\u00eda en torno a la Ley Fundamental, porque desde que en 1956 la dictadura fusiladora de Aramburu y Rojas derogara por decreto la Constituci\u00f3n vigente, el orden legal era al menos altamente cuestionable. La reforma naci\u00f3 limitada, porque Alfons\u00edn y Menem acordaron que la parte dogm\u00e1tica de la Constituci\u00f3n -art\u00edculos 1 al 35-, no ser\u00eda modi\ufb01cada. Esto caus\u00f3 diversos inconvenientes de t\u00e9cnica legislativa, que implicaron la inclusi\u00f3n de un cap\u00edtulo con nuevos derechos y con mecanismos constitucionalizados como las acciones de amparo y de habeas corpus, y que dentro de las atribuciones del Congreso, en el inciso 22 del art\u00edculo 75, se otorgara jerarqu\u00eda constitucional a un conjunto de instrumentos internacionales sobre derechos humanos.<\/p>\n\n\n\n<p>La \ufb01cci\u00f3n del \u201cuno a uno\u201d comenz\u00f3 a resquebrajarse cada vez m\u00e1s y aunque el riojano logr\u00f3 un segundo mandato, en las elecciones de 1999 se impuso una Alianza entre sectores del radicalismo, disidentes del peronismo y otros sectores. De la R\u00faa prometi\u00f3 mantener el uno a uno, pero la situaci\u00f3n econ\u00f3mica y social se deterior\u00f3 cada vez con mayor rapidez, y los sectores que hab\u00edan conformado la Alianza se fueron disgregando, con mayor \u00e9nfasis desde la renuncia del vicepresidente Carlos \u00c1lvarez. Sin respuestas ante la crisis, De la R\u00faa design\u00f3 al frente de la econom\u00eda a Domingo Cavallo. La debacle \ufb01nanciera que no pudo ser detenida ni con la ayuda externa -que s\u00f3lo logr\u00f3 un mayor endeudamiento-, termin\u00f3 con el \u201dcorralito\u201d implantado por Cavallo que imped\u00eda retirar los dep\u00f3sitos de los particulares del sistema bancario, lo que llev\u00f3 a innumerables protestas. Ni Cavallo ni Ricardo L\u00f3pez Murphy, de muy breve gesti\u00f3n, lograron encauzar la econom\u00eda. Solo qued\u00f3 registrada la quita del 13% de sus ingresos a los jubilados, obra de la entonces ministra Patricia Bullrich.<\/p>\n\n\n\n<p>La historia termin\u00f3 con protestas generalizadas a las cuales el gobierno orden\u00f3 reprimir violentamente. Entre el 19 y el 20 de diciembre de 2001, m\u00e1s de treinta y cinco v\u00edctimas, en distintas partes del pa\u00eds fueron el resultado de la represi\u00f3n. Las Madres de Plaza de Mayo que se hab\u00edan unido a quienes reclamaban fueron agredidas, y hasta la jueza federal Servini de Cubr\u00eda sufri\u00f3 las consecuencias de los gases disparados por las fuerzas de seguridad. De la R\u00faa renunci\u00f3 y el vac\u00edo de poder subsiguiente solo encontr\u00f3 un cauce menos ca\u00f3tico con la asunci\u00f3n de la presidencia por Eduardo Alberto Duhalde, designado interinamente por la Asamblea Legislativa el 2 de enero de 2002.<\/p>\n\n\n\n<p>La crisis continu\u00f3 con vaivenes hasta el llamado a elecciones del 27 de abril de 2003. N\u00e9stor Kirchner -que hab\u00eda salido segundo en la compulsa-, termin\u00f3 por ser consagrado presidente ante la deserci\u00f3n de Carlos Menem que pre\ufb01ri\u00f3 evitar lo que se vaticinaba como una segura derrota en el ballotage. El 25 de mayo de 2003 el santacruce\u00f1o asum\u00eda la presidencia invitando al pueblo a compartir un sue\u00f1o. Ubic\u00f3 como centro de su acci\u00f3n de gobierno a los derechos humanos. Lo dem\u00e1s es historia reciente: los doce a\u00f1os de gobierno kirchnerista (a N\u00e9stor lo sucedi\u00f3 en 2007 su esposa Cristina Fern\u00e1ndez, reelecta en 2011) se tradujeron en hechos como la reapertura del Proceso de Memoria, Verdad y Justicia, el pago al FMI, el acuerdo de re\ufb01nanciamiento de la deuda, y una serie de leyes consagratorias de derechos (migraciones, protecci\u00f3n integral de la ni\u00f1ez y la adolescencia, matrimonio igualitario, identidad de g\u00e9nero, trata de personas, reforma del C\u00f3digo Civil, entre otras).<\/p>\n\n\n\n<p>Despu\u00e9s vino el endeudador serial a destruir lo que se hab\u00eda logrado construir con tanto esfuerzo. Entre siesta y siesta, en el espacio entre una serie de Netflix y otra, el ingeniero sin ingenio se entreg\u00f3 de pies y manos al FMI y la deuda externa creci\u00f3, durante su mandato del 6% del PBI al 20%, lo que signi\ufb01c\u00f3 incrementarla en u$s 100.000 millones, de los cuales u$s 20.000 millones fueron emitidos en bonos para cubrir deudas anteriores. De la mano de Luis Caputo, libr\u00f3 bonos de deuda con vencimiento a cien a\u00f1os. Un siglo de deuda, con bene\ufb01cios asegurados para los fondos de inversi\u00f3n internacionales.<\/p>\n\n\n\n<p>Perd\u00f3n por los datos hist\u00f3ricos, pero hacer memoria siempre es necesario. Desde que Alberto Fern\u00e1ndez asumi\u00f3 el gobierno en diciembre de 2019, la pregunta central que su administraci\u00f3n debe responder (todav\u00eda) es qu\u00e9 hacer con la deuda. Hasta ahora, no tiene mucho para ofrecer. M\u00e1s all\u00e1 de sus reiteradas manifestaciones acerca de que iba a privilegiar la situaci\u00f3n interna sobre los intereses de los centros internacionales de \ufb01nanciamiento, lo cierto es que el acuerdo tejido por Mart\u00edn Guzm\u00e1n es uno m\u00e1s de los que el FMI impone a sus deudores. Un programa de ajustes, m\u00e1s o menos disfrazados, y de cumplimiento pr\u00e1cticamente imposible.<\/p>\n\n\n\n<p>En ese escenario, en el a\u00f1o marcado para la competencia electoral, el manejo de la econom\u00eda se torna en la variable que puede inclinar la balanza hacia un lado u otro. Ninguno de los actores pol\u00edticos lo ignora. El gobierno aparece d\u00e9bil, casi sin respuestas y con innegables diferencias entre los sectores que componen el frente que triunf\u00f3 en 2019. La principal oposici\u00f3n ya no oculta sus \ufb01suras internas y la aparici\u00f3n de un tercer actor, que entre alaridos desaforados y propuestas disparatadas ha ganado la atenci\u00f3n de los medios hegem\u00f3nicos, siempre proclives a mirar con simpat\u00eda a un exponente de la derecha, aporta un poco m\u00e1s de desconcierto a la pol\u00edtica argentina.<\/p>\n\n\n\n<p>La Tribuna de Doctrina -y su socio el clarinete mentiroso-, en todos estos a\u00f1os no han sido indiferentes a estos hechos. Si celebraron el triunfo de Alfons\u00edn en 1983 fue porque el peronismo hab\u00eda sido derrotado, no porque las propuestas del dirigente radical los entusiasmaran. Basta recordar el discurso pronunciado el 13 de febrero de 1987: \u201c<em>Yo les pido que vean el Clar\u00edn, que se especializa en titular de una manera de\ufb01nida, como si realmente quisiera <\/em><em>hacerle caer la fe y la esperanza al pueblo argentino\u2026 Sabemos que es un opositor ac\u00e9rrimo y no nos interesa. Sabemos que es tambi\u00e9n un tipo de art\u00edculo que aparece cotidianamente en el diario. Pero l\u00e9anlo, porque de la manera falaz que est\u00e1 presentada la noticia de una disminuci\u00f3n de la desocupaci\u00f3n en la Argentina, es un ejemplo vivo contra lo que tenemos que luchar los argentinos<\/em>\u201d.<\/p>\n\n\n\n<p>El ascenso de Menem al poder fue mirado con recelo por el origen peronista del riojano. Pero <em>Clar\u00edn <\/em>pronto se vio bene\ufb01ciado cuando al modi\ufb01car el art\u00edculo 45 de la llamada ley de radiodifusi\u00f3n dictada por Videla y Mart\u00ednez de Hoz, el nuevo gobernante permiti\u00f3 al grupo hacerse de Canal 13 y construir el m\u00e1s grande multimedio de la Argentina. Y para <strong><em>LA NACI\u00d3N<\/em><\/strong><strong><em> <\/em><\/strong>la adopci\u00f3n del credo neoliberal y las medidas econ\u00f3micas tomadas en consecuencia fueron celebradas, aunque discretamente por los resabios populistas de los que el patilludo riojano no lograba desprenderse. Domingo Cavallo fue -y es-, un economista respetado y consultado por el pasqu\u00edn de los Mitre-Saguier, cuyas p\u00e1ginas est\u00e1n siempre dispuestas a repetir sus opiniones (ver por ejemplo las ediciones del 11\/02\/2023, 27\/02\/2023, 07\/03\/2023, 03\/04\/2023 y 15\/04\/2023).<\/p>\n\n\n\n<p>Con N\u00e9stor Kirchner la cosa fue distinta. Ni bien triunfante el santacruce\u00f1o, el editorialista m\u00e1s notorio de LA NACI\u00d3N, Jos\u00e9 Claudio Escribano, le hizo llegar su pliego de condiciones: \u201c<em>alineamiento incondicional con los Estados Unidos, no m\u00e1s revisiones sobre la lucha contra la subversi\u00f3n, reivindicaci\u00f3n del desempe\u00f1o de las Fuerzas Armadas en el contexto hist\u00f3rico <\/em><em>en<\/em><em> <\/em><em>el<\/em><em> <\/em><em>que<\/em><em> <\/em><em>les<\/em><em> <\/em><em>toc\u00f3<\/em><em> <\/em><em>actuar,<\/em><em> <\/em><em>acuerdo<\/em><em> <\/em><em>con<\/em><em> <\/em><em>los<\/em><em> <\/em><em>empresarios,<\/em><em> <\/em><em>cr\u00edtica<\/em><em> <\/em><em>a<\/em><em> <\/em><em>Cuba,<\/em><em> <\/em><em>mejor<\/em><em> <\/em><em>sistema<\/em><em> <\/em><em>de <\/em><em>control del delito y tranquilidad para las fuerzas del orden con medidas excepcionales de <\/em><em>seguridad<\/em>\u201d.<\/p>\n\n\n\n<p>El no acatamiento del kirchnerismo a tales condiciones se tradujo en enemistad manifiesta, mucho m\u00e1s cuando estall\u00f3 el conflicto con las entidades empresariales agropecuarias en 2008. Cabe recordar que tanto <em>Clar\u00edn <\/em>como <strong><em>LA NACI\u00d3N <\/em><\/strong>son socios, junto con la Sociedad Rural, del mayor emprendimiento de negocios agropecuarios de la regi\u00f3n, <em>EXPOAGRO<\/em>. De all\u00ed en m\u00e1s la lucha contra el odiado populismo fue sin cuartel. Las m\u00e1s disparatadas acusaciones contra cualquier funcionario, de Cristina para abajo, fueron reproducidas hasta el cansancio como si se tratara de las palabras del Mes\u00edas. La derrota de diciembre de 2015 fue b\u00e1lsamo para los o\u00eddos de los apropiadores de Papel Prensa, y una editorial del diario de don Bartolo advert\u00eda el 23\/11\/2015: \u201c<em>La elecci\u00f3n de un nuevo gobierno es momento propicio para terminar con las mentiras sobre los a\u00f1os 70 y las actuales violaciones de los derechos humanos<\/em>\u201d. Por si esto fuera poco, agregaba: \u201c<em>Ha llegado la hora de poner las cosas en su lugar. Debatir que quienes sembraron la anarqu\u00eda en el pa\u00eds y destruyeron vidas y bienes no pueden gozar por m\u00e1s tiempo de un reconocimiento hist\u00f3rico cuya gestaci\u00f3n se fund\u00f3 en la necesidad pr\u00e1ctica de los Kirchner de contar en 2003 con alguna bandera de contenido emociona<\/em>l\u201d y remataba \u201c<em>La cultura de la venganza ha sido predicada en medios de difusi\u00f3n del Estado y en las escuelas habituadas a seguir las pautas hist\u00f3ricas nada confiables del kirchnerismo<\/em>\u201d.<\/p>\n\n\n\n<p>Cuando para desgracia de <strong><em>LA NACI\u00d3N <\/em><\/strong>perdi\u00f3 las elecciones de 2019 su candidato mimado, el mismo que al asumir el gobierno no tard\u00f3 en proteger al clarinete mentiroso y su multimedios derogando por decreto los aspectos sustanciales de la ley de servicios de comunicaci\u00f3n audiovisual, hubo nuevas advertencias. La editorial del 28\/10\/2019 (<em>Por una <\/em><em>Argentina que incluya a todos<\/em>) marcaba cu\u00e1l deber\u00eda ser el rumbo correcto para Alberto Fern\u00e1ndez: \u201c<em>Esa convivencia interna entre sectores con intereses dis\u00edmiles en el pr\u00f3ximo gobierno ser\u00e1 clave para saber si soplar\u00e1n verdaderos vientos de recuperaci\u00f3n y crecimiento <\/em><em>o se impondr\u00e1n las vetustas y destructivas ideas de un populismo que en el mundo no ha hecho m\u00e1s que oprimir, castigar y, ciertamente, involucionar<\/em>\u201d. Agregaba: \u201c<em>Fern\u00e1ndez <\/em><em>deber\u00e1 preocuparse por brindar se\u00f1ales claras de su voluntad superadora de la indeseable grieta que su propio sector partidario ayud\u00f3 a cavar de manera profunda y constante<\/em>\u201d. No faltaron las alusiones a mantener viva la persecuci\u00f3n judicial a Cristina, sus familiares y funcionarios, ni la conminaci\u00f3n a no cambiar el rumbo de la pol\u00edtica exterior: \u201c<em>Tiene<\/em><em> que empezar hoy mismo, y no solo apuntando a la platea interna, sino tambi\u00e9n al contexto internacional, en el que el gobierno de Mauricio Macri ha logrado reinsertar a la Argentina<\/em>\u201d.<\/p>\n\n\n\n<p>Alberto no le hizo caso a las advertencias de <strong><em>LA NACI\u00d3N<\/em><\/strong>. Desde el mismo comienzo de su gesti\u00f3n, prontamente enfrentada al hecho inesperado y tr\u00e1gico de la pandemia del COVID19, los escribas del mitrismo lo acribillaron a acusaciones de lo m\u00e1s variadas, la m\u00e1s com\u00fan de ellas es ser un t\u00edtere de la voluntad perversa de la Reina Mal\u00e9fica. Los logros que pudo exhibir en la lucha contra el virus no le fueron reconocidos, y los cambios de rumbo en otros aspectos no generaron m\u00e1s que cr\u00edticas.<\/p>\n\n\n\n<p>Es cierto que el Presidente tampoco cumpli\u00f3 con las expectativas que su triunfo electoral hab\u00edan generado en sus votantes. El exceso de verborragia y la poca efectividad de sus decisiones, las muchas declaraciones y promesas no avaladas por los hechos, no solo llevaron desilusi\u00f3n a su electorado -gran parte del cual lo abandon\u00f3 en las legislativas del 2021-, sino que ofrecieron muchos y variados flancos para los ataques contra su persona y su gesti\u00f3n.<\/p>\n\n\n\n<p>El descalabro econ\u00f3mico -previsible tras el acuerdo de Mart\u00edn Guzm\u00e1n con el FMI-, agravado por situaciones internacionales (la guerra entre Rusia y Ucrania) y fen\u00f3menos clim\u00e1ticos imprevisibles (la mayor sequ\u00eda en muchos a\u00f1os), no lo ayudaron. Termin\u00f3 renunciando al sue\u00f1o de la reelecci\u00f3n. Entonces sus adversarios, envalentonados, recurrieron a las viejas recetas y lanzaron un fuerte ataque especulativo sobre el d\u00f3lar, provocando corridas cambiarias alimentadas por falsas noticias desparramadas por agencias financieras dirigidas por personajes notoriamente vinculados con la oposici\u00f3n, y agravadas cuando tres funcionarios macristas le reclamaron al FMI que suspenda los aportes a la Argentina.<\/p>\n\n\n\n<p>La historia sin fin, otra vez. Pero no todo est\u00e1 perdido. El gobierno posee herramientas para actuar (como no lo ha hecho hasta ahora). El decreto 480\/95 aprob\u00f3 el ordenamiento de la Ley N\u00ba 19.359 que estableci\u00f3 el R\u00e9gimen Penal Cambiario. La norma impone sanciones que pueden llegar a penas de prisi\u00f3n para quienes incurran en alguna de estas conductas: negociaciones u operaciones realizadas por fuera de las instituciones autorizadas para efectuar dichas operaciones; falsas declaraciones relacionadas con las operaciones de cambio; no rectificar y reajustar las operaciones que resultasen distintas de las denunciadas; realizar operaciones de cambio fuera de la cantidad, moneda o tipo de cotizaci\u00f3n, en los plazos y dem\u00e1s condiciones establecidos por las normas en vigor; y todo acto u omisi\u00f3n que infrinja las normas sobre el r\u00e9gimen de cambios.<\/p>\n\n\n\n<p>Es el Banco Central el que establece las normas para los operadores de cambio. Por citar solo un ejemplo, si alguna agencia poseyera empleados que ofrecen sus servicios en la v\u00eda p\u00fablica los mismos deber\u00e1n estar debidamente identificadas mediante elementos que las asocien inequ\u00edvocamente a dicho operador \u2013tales como pechera, gorra, cartel, etc.<\/p>\n\n\n\n<p>Es claro que existen mecanismos para combatir la especulaci\u00f3n y hasta se podr\u00eda pensar si pedir que se interrumpa el flujo de fondos del FMI no ser\u00eda una forma de ejecutar un hecho dirigido a someter total o parcialmente la Naci\u00f3n al dominio extranjero o por lo menos, a menoscabar su independencia o integridad, y por ende constitutivos del delito de traici\u00f3n a la patria en los t\u00e9rminos del art. 215 del C\u00f3digo Penal. Lo que no es claro es que exista la voluntad de tomar alguna de las medias correspondientes.<\/p>\n\n\n\n<p>\u00bfSer\u00e1 que se puede cambiar la pel\u00edcula o estamos, de nuevo, en la historia sin fin?<\/p>\n","protected":false},"excerpt":{"rendered":"<p>Cualquiera que tengo unos a\u00f1os y buena memoria, viendo c\u00f3mo se van desencadenando ciertos sucesos&#8230;<\/p>\n","protected":false},"author":1,"featured_media":0,"comment_status":"open","ping_status":"open","sticky":false,"template":"","format":"standard","meta":{"footnotes":""},"categories":[17],"tags":[],"class_list":["post-865","post","type-post","status-publish","format-standard","hentry","category-contra-mitre"],"_links":{"self":[{"href":"https:\/\/luisalen.com\/index.php?rest_route=\/wp\/v2\/posts\/865","targetHints":{"allow":["GET"]}}],"collection":[{"href":"https:\/\/luisalen.com\/index.php?rest_route=\/wp\/v2\/posts"}],"about":[{"href":"https:\/\/luisalen.com\/index.php?rest_route=\/wp\/v2\/types\/post"}],"author":[{"embeddable":true,"href":"https:\/\/luisalen.com\/index.php?rest_route=\/wp\/v2\/users\/1"}],"replies":[{"embeddable":true,"href":"https:\/\/luisalen.com\/index.php?rest_route=%2Fwp%2Fv2%2Fcomments&post=865"}],"version-history":[{"count":1,"href":"https:\/\/luisalen.com\/index.php?rest_route=\/wp\/v2\/posts\/865\/revisions"}],"predecessor-version":[{"id":866,"href":"https:\/\/luisalen.com\/index.php?rest_route=\/wp\/v2\/posts\/865\/revisions\/866"}],"wp:attachment":[{"href":"https:\/\/luisalen.com\/index.php?rest_route=%2Fwp%2Fv2%2Fmedia&parent=865"}],"wp:term":[{"taxonomy":"category","embeddable":true,"href":"https:\/\/luisalen.com\/index.php?rest_route=%2Fwp%2Fv2%2Fcategories&post=865"},{"taxonomy":"post_tag","embeddable":true,"href":"https:\/\/luisalen.com\/index.php?rest_route=%2Fwp%2Fv2%2Ftags&post=865"}],"curies":[{"name":"wp","href":"https:\/\/api.w.org\/{rel}","templated":true}]}}