{"id":869,"date":"2023-05-04T00:54:00","date_gmt":"2023-05-04T00:54:00","guid":{"rendered":"https:\/\/luisalen.com\/?p=869"},"modified":"2023-08-16T00:54:40","modified_gmt":"2023-08-16T00:54:40","slug":"la-libertad-ultrajada","status":"publish","type":"post","link":"https:\/\/luisalen.com\/?p=869","title":{"rendered":"La libertad ultrajada"},"content":{"rendered":"\n<p>Libertad. El grito sagrado del que habla nuestro himno. Ese vocablo que dio origen a tantas<\/p>\n\n\n\n<p>canciones. Ese estandarte por el cual tantas personas fueron capaces de ofrecer su vida.<\/p>\n\n\n\n<p>Ese anhelo que marca las vidas de manera indeleble. Una palabra hermosa, que evoca<\/p>\n\n\n\n<p>sue\u00f1os de felicidad eterna.<\/p>\n\n\n\n<p>Para el Diccionario de la Real Academia Espa\u00f1ola la libertad es la facultad natural que tiene<\/p>\n\n\n\n<p>el hombre de obrar de una manera o de otra, y de no obrar, por lo que es responsable de sus<\/p>\n\n\n\n<p>actos. El libre albedr\u00edo, se suele decir. Tambi\u00e9n es el estado o condici\u00f3n de quien no es<\/p>\n\n\n\n<p>esclavo, el estado de quien no est\u00e1 preso, la condici\u00f3n de las personas no obligadas por su<\/p>\n\n\n\n<p>estado al cumplimiento de ciertos deberes, la exenci\u00f3n de etiquetas, el desembarazo o<\/p>\n\n\n\n<p>franqueza, la facilidad, soltura, disposici\u00f3n natural para hacer algo con destreza. Y en los<\/p>\n\n\n\n<p>sistemas democr\u00e1ticos, el derecho de valor superior que asegura la libre determinaci\u00f3n de<\/p>\n\n\n\n<p>las personas.<\/p>\n\n\n\n<p>Pero tambi\u00e9n es la falta de sujeci\u00f3n o subordinaci\u00f3n, una licencia u osada familiaridad, una<\/p>\n\n\n\n<p>prerrogativa, privilegio, licencia, o la contravenci\u00f3n desenfrenada de las leyes y buenas<\/p>\n\n\n\n<p>costumbres.<\/p>\n\n\n\n<p>Con su sonido se llenan la boca desde los poetas hasta los profetas, pasando por estadistas,<\/p>\n\n\n\n<p>bur\u00f3cratas, ap\u00f3stoles, santones, pol\u00edticos de las m\u00e1s variadas ideolog\u00edas y toda clase de<\/p>\n\n\n\n<p>gente.<\/p>\n\n\n\n<p>Esa variedad de significados que le hemos atribuido casi que nos hace olvidar, muchas<\/p>\n\n\n\n<p>veces, a qu\u00e9 nos estamos refiriendo cuando la pronunciamos. Porque adem\u00e1s la usan sin<\/p>\n\n\n\n<p>descanso muchos de aquellos que est\u00e1n dispuestos a borrarla de las realidades de los<\/p>\n\n\n\n<p>pueblos. En nuestro pa\u00eds, y en este convulsionado tiempo que nos toca transitar, tenemos<\/p>\n\n\n\n<p>el ejemplo palpable. Un personaje que disfruta present\u00e1ndose como un mamarracho<\/p>\n\n\n\n<p>aullador y desmelenado termina sus intervenciones gritando viva la libertad. Y se<\/p>\n\n\n\n<p>autodenomina libertario, t\u00e9rmino que en \u00e9pocas pasadas defin\u00eda a los luchadores<\/p>\n\n\n\n<p>anarquistas, justamente el opuesto m\u00e1s concreto de lo que hoy sostiene este sujeto.<\/p>\n\n\n\n<p>Cultor del esperpento a\u00fan sin saberlo -se pretende experto en econom\u00eda pero los<\/p>\n\n\n\n<p>memoriosos recuerdan que un texto que public\u00f3 como propio era en realidad la burda copia<\/p>\n\n\n\n<p>de otro autor-, sin conocer a Valle Incl\u00e1n deforma la realidad acentuando sus rasgos<\/p>\n\n\n\n<p>grotescos.<\/p>\n\n\n\n<p>Uno se pregunta qui\u00e9n financia la irrupci\u00f3n de este sujeto en el confuso y complicado<\/p>\n\n\n\n<p>escenario pol\u00edtico, m\u00e1s cuando no se le conocen otros trabajos que el de haber asesorado<\/p>\n\n\n\n<p>a Antonio Domingo Bussi, el genocida condenado por los cr\u00edmenes de lesa humanidad que<\/p>\n\n\n\n<p>cometi\u00f3 en Tucum\u00e1n. Lo cierto es que no hay pantalla de los grandes medios ni p\u00e1gina de<\/p>\n\n\n\n<p>sus expresiones gr\u00e1ficas en las que no se lo mencione como el fen\u00f3meno nuevo que irrumpe<\/p>\n\n\n\n<p>para cambiarlo todo.<\/p>\n\n\n\n<p>Y hasta los que en un principio lo miraban con sonrisas displicentes, porque se cre\u00edan<\/p>\n\n\n\n<p>due\u00f1os de ese espacio donde la racionalidad se pierde, derrotada por un supuesto sentido<\/p>\n\n\n\n<p>com\u00fan que no es otra cosa que la imposici\u00f3n de ideas que no pueden ser discutidas &#8211;<\/p>\n\n\n\n<p>justamente porque son \u201cde sentido com\u00fan\u201d-, y que si pudieran ser desmenuzadas<\/p>\n\n\n\n<p>demostrar\u00edan justamente que son lo contrario de lo que dicen. Me refiero, claro est\u00e1, a<\/p>\n\n\n\n<p>nuestra derecha, ese conglomerado de intereses que ante la posibilidad de alzarse con el<\/p>\n\n\n\n<p>trofeo superior -la presidencia-, desnuda sus colmillos y ataca a todo lo que encuentra en<\/p>\n\n\n\n<p>su camino, primero a los que toman la misma direcci\u00f3n pero siempre a los que representan<\/p>\n\n\n\n<p>al odiado populismo.<\/p>\n\n\n\n<p>Un racimo de propuestas absurdas, acompa\u00f1adas de otras que no son m\u00e1s que la<\/p>\n\n\n\n<p>exageraci\u00f3n de los anhelos comunes de nuestra derecha, son analizadas por presuntos<\/p>\n\n\n\n<p>especialistas que debaten sin pudor acerca del precio que puede alcanzar la venta de<\/p>\n\n\n\n<p>\u00f3rganos, de la legalizaci\u00f3n del tr\u00e1fico de ni\u00f1os y ni\u00f1as, de la dinamitaci\u00f3n del Banco Central<\/p>\n\n\n\n<p>y disparates por el estilo. La dolarizaci\u00f3n, ya fracasada con el uno a uno del maestro sin<\/p>\n\n\n\n<p>pelos del predicador piloso, se ha transformado en el punto central de las discusiones<\/p>\n\n\n\n<p>econ\u00f3micas.<\/p>\n\n\n\n<p>\u00bfQu\u00e9 ha pasado con los argentinos y sus sue\u00f1os? \u00bfD\u00f3nde quedaron las palabras de Manuel<\/p>\n\n\n\n<p>Belgrano, cuando dijo que la vida es nada si la libertad se pierde? \u00bfO la proclama<\/p>\n\n\n\n<p>sanmartiniana que rezaba \u201cSeamos libres y lo dem\u00e1s no importa nada\u201d? \u00bfCu\u00e1ndo nos<\/p>\n\n\n\n<p>dejamos robar tantas palabras que desgastadas por tanta repetici\u00f3n sin sentido dejaron de<\/p>\n\n\n\n<p>ser convocantes?<\/p>\n\n\n\n<p>Dec\u00eda Julio Cort\u00e1zar -que sab\u00eda del valor de las palabras, y mucho-, en un discurso<\/p>\n\n\n\n<p>pronunciado el 24 de marzo de 1981 en Madrid, para la Comisi\u00f3n Argentina de Derechos<\/p>\n\n\n\n<p>Humanos que presid\u00eda Eduardo Luis Duhalde, que \u201cSi algo sabemos los escritores es que las<\/p>\n\n\n\n<p>palabras pueden llegar a cansarse y a enfermarse, como se cansan y se enferman los<\/p>\n\n\n\n<p>hombres o los caballos. Hay palabras que a fuerza de ser repetidas, y muchas veces mal<\/p>\n\n\n\n<p>empleadas, terminan por agotarse, por perder poco a poco su vitalidad\u201d. M\u00e1s adelante,<\/p>\n\n\n\n<p>agregaba que \u201cSi algo distingue al fascismo y al imperialismo como t\u00e9cnicas de infiltraci\u00f3n<\/p>\n\n\n\n<p>es precisamente su empleo tendencioso del lenguaje, su manejo de servirse de los mismo<\/p>\n\n\n\n<p>conceptos que estamos utilizando aqu\u00ed esta noche para alterar y viciar su sentido m\u00e1s<\/p>\n\n\n\n<p>profundo y proponerlos como consignas de su ideolog\u00eda. Palabras como patria, libertad y<\/p>\n\n\n\n<p>civilizaci\u00f3n saltan como conejos en todos sus discursos, en todos sus art\u00edculos period\u00edsticos.<\/p>\n\n\n\n<p>Pero para ellos la patria es una plaza fuerte destinada por definici\u00f3n a menospreciar y a<\/p>\n\n\n\n<p>amenazar a cualquier otra patria que no est\u00e9 dispuesta a marchar de su lado en el desfile<\/p>\n\n\n\n<p>de los pasos de ganso. Para ellos la libertad es su libertad, la de una minor\u00eda entronizada y<\/p>\n\n\n\n<p>todopoderosa, sostenida ciegamente por masas altamente masificadas\u201d.<\/p>\n\n\n\n<p>Esas definiciones son perfectamente aplicables a lo que estamos viviendo. Y no desde<\/p>\n\n\n\n<p>ahora, porque el empleo tendencioso del lenguaje del que hablaba Cort\u00e1zar es la premisa<\/p>\n\n\n\n<p>fundamental de la labor de los empleados de los grandes medios de comunicaci\u00f3n desde<\/p>\n\n\n\n<p>hace mucho tiempo. Y como los depredadores que huelen sangre y se excitan en su af\u00e1n<\/p>\n\n\n\n<p>destructivo, creen ver herido al movimiento popular y se aprestan a hincarle sus colmillos.<\/p>\n\n\n\n<p>Algunos ejemplos. La Tribuna de Doctrina sigue defendiendo a la dictadura genocida y sus<\/p>\n\n\n\n<p>apologistas. Por supuesto, lo hace en nombre de los derechos humanos que esa dictadura<\/p>\n\n\n\n<p>mancill\u00f3 de todas las maneras posibles, con el entusiasta apoyo del pasqu\u00edn fundado por<\/p>\n\n\n\n<p>don Bartolo. Esta vez, en una editorial del 03-05-2023 titulada \u201cNi derechos ni humanos\u201d,<\/p>\n\n\n\n<p>donde se queja de la remoci\u00f3n dispuesta por el Ministro de Defensa Jorge Taiana, de<\/p>\n\n\n\n<p>Rodrigo Alejandro Soloaga, un militar que ejerc\u00eda la presidencia de la Comisi\u00f3n del Arma de<\/p>\n\n\n\n<p>Caballer\u00eda. La medida fue adoptada fue consecuencia del discurso pronunciado por Soloaga,<\/p>\n\n\n\n<p>quien envi\u00f3 un \u201csaludo especial para los camaradas de caballer\u00eda que se encuentran<\/p>\n\n\n\n<p>privados de su libertad como consecuencia de haber cumplido funciones en las filas de la<\/p>\n\n\n\n<p>fuerza durante una dif\u00edcil \u00e9poca de nuestro pa\u00eds\u201d, al tiempo que sostuvo su \u201cpermanente y<\/p>\n\n\n\n<p>renovado acompa\u00f1amiento en estas circunstancias que les toca enfrentar y que sobrellevan<\/p>\n\n\n\n<p>con estoicismo\u201d y les reiter\u00f3 el \u201cpermanente apoyo espiritual y el deseo de que prontamente<\/p>\n\n\n\n<p>puedan encontrarse junto a su familia\u201d.<\/p>\n\n\n\n<p>Como correspond\u00eda, Taiana orden\u00f3 la remoci\u00f3n de Soloaga, porque tal alocuci\u00f3n \u201ccontrar\u00eda<\/p>\n\n\n\n<p>no s\u00f3lo un ampl\u00edsimo consenso nacional que sostiene las pol\u00edticas de Memoria, Verdad y<\/p>\n\n\n\n<p>Justicia que el Estado Nacional viene llevando a cabo desde 2003, sino tambi\u00e9n las<\/p>\n\n\n\n<p>decisiones adoptadas en reiteradas oportunidades por el Poder Legislativo y las altas<\/p>\n\n\n\n<p>autoridades de la Justicia\u201d. El ministro agreg\u00f3 que \u201cA 40 a\u00f1os de democracia, es inaceptable<\/p>\n\n\n\n<p>y no toleraremos bajo ninguna circunstancia este tipo de manifestaciones\u201d. Clar\u00edsimo.<\/p>\n\n\n\n<p>Pero para LA NACI\u00d3N \u201cLa sanci\u00f3n aplicada a un militar retirado y la persecuci\u00f3n iniciada<\/p>\n\n\n\n<p>contra otros evidencia el rencor y el odio convenientemente instalados en el Gobierno\u201d. Para<\/p>\n\n\n\n<p>sostener tama\u00f1a distorsi\u00f3n de las cosas, no encuentra nada mejor que las declaraciones del<\/p>\n\n\n\n<p>presidente del Foro Argencno de Defensa, Sancago Lucero Torres, quien se desempe\u00f1\u00f3<\/p>\n\n\n\n<p>durante el macrismo como Director Nacional de Pol\u00edcca Industrial para la Defensa: \u201cEs<\/p>\n\n\n\n<p>nocivo para la democracia que quienes atentaron contra ella en el pasado, asesinando<\/p>\n\n\n\n<p>civiles, militares, jueces y l\u00edderes pol\u00edPcos y sindicales hoy sean puestos a dirigir nuestras<\/p>\n\n\n\n<p>Fuerzas Armadas y sancionar a nuestros militares con una clara vocaci\u00f3n de venganza\u201d.<\/p>\n\n\n\n<p>Como el jefe supremo de las Fuerzas Armadas es el presidente, cuesta imagin\u00e1rselo como<\/p>\n\n\n\n<p>un heroico combacente. Y Lucero -que no parece alumbrar mucho- repite esas frases<\/p>\n\n\n\n<p>gastadas que tanto le gustan a nuestra derecha. O sea, como siempre el pasqu\u00edn de los<\/p>\n\n\n\n<p>Mitre-Saguier se da por confirmado en sus mencras citando las mencras de otro. Por las<\/p>\n\n\n\n<p>dudas, replican las manifestaciones de otros de la misma clase: Mariano de Vedia, el 04-05-<\/p>\n\n\n\n<p>2023 cuenta que \u201cRicardo L\u00f3pez Murphy y Miguel PicheSo cuesPonaron la remoci\u00f3n del<\/p>\n\n\n\n<p>general Soloaga\u201d. M\u00e1s de lo mismo. Toda la ch\u00e1chara en defensa de los procesados por<\/p>\n\n\n\n<p>cr\u00edmenes de lesa humanidad apunta a lograr que los liberen. Falta que pongan un cartel:<\/p>\n\n\n\n<p>\u201clibertad a los genocidas\u201d. Al menos ser\u00edan sinceros, porque esa es la libertad que quieren.<\/p>\n\n\n\n<p>Libertad para que los pobres se mueran de hambre. Para que la ni\u00f1ez y la adolescencia no<\/p>\n\n\n\n<p>accedan a la educaci\u00f3n p\u00fablica y gratuita. Para que crezca el n\u00famero de marginados, de<\/p>\n\n\n\n<p>trabajadores que s\u00f3lo pueden acceder a tareas irregulares en un sistema apartado de la<\/p>\n\n\n\n<p>legalidad que despu\u00e9s posibilita que no se puedan jubilar porque no cenen aportes. Y no<\/p>\n\n\n\n<p>los cenen porque los soldados de esa falsa libertad nunca se los hicieron. Libertad para<\/p>\n\n\n\n<p>elegir c\u00f3mo enfermarse sin tener posibilidad de acceder a la salud p\u00fablica. La libertad del<\/p>\n\n\n\n<p>falso libertario y de quienes le compiten a ver qui\u00e9n es m\u00e1s liberal.<\/p>\n\n\n\n<p>Perd\u00f3n por tanto ultraje, por tanto mal uso, pero ojo. Somos muchos los que, todav\u00eda,<\/p>\n\n\n\n<p>preferimos aquella libertad por la que cantaba Miguel Hern\u00e1ndez, \u201cPorque donde unas<\/p>\n\n\n\n<p>cuencas vac\u00edas amanezcan, ella pondr\u00e1 dos piedras de futura mirada. Y har\u00e1 que nuevos<\/p>\n\n\n\n<p>brazos y nuevas piernas crezcan en la carne talada. Reto\u00f1ar\u00e1n aladas de savia sin oto\u00f1o,<\/p>\n\n\n\n<p>reliquias de mi cuerpo que pierdo en cada herida. Porque soy como el \u00e1rbol talado que<\/p>\n\n\n\n<p>reto\u00f1o: a\u00fan tengo la vida\u201d.<\/p>\n","protected":false},"excerpt":{"rendered":"<p>Libertad. El grito sagrado del que habla nuestro himno. Ese vocablo que dio origen a&#8230;<\/p>\n","protected":false},"author":1,"featured_media":0,"comment_status":"open","ping_status":"open","sticky":false,"template":"","format":"standard","meta":{"footnotes":""},"categories":[17],"tags":[],"class_list":["post-869","post","type-post","status-publish","format-standard","hentry","category-contra-mitre"],"_links":{"self":[{"href":"https:\/\/luisalen.com\/index.php?rest_route=\/wp\/v2\/posts\/869","targetHints":{"allow":["GET"]}}],"collection":[{"href":"https:\/\/luisalen.com\/index.php?rest_route=\/wp\/v2\/posts"}],"about":[{"href":"https:\/\/luisalen.com\/index.php?rest_route=\/wp\/v2\/types\/post"}],"author":[{"embeddable":true,"href":"https:\/\/luisalen.com\/index.php?rest_route=\/wp\/v2\/users\/1"}],"replies":[{"embeddable":true,"href":"https:\/\/luisalen.com\/index.php?rest_route=%2Fwp%2Fv2%2Fcomments&post=869"}],"version-history":[{"count":1,"href":"https:\/\/luisalen.com\/index.php?rest_route=\/wp\/v2\/posts\/869\/revisions"}],"predecessor-version":[{"id":870,"href":"https:\/\/luisalen.com\/index.php?rest_route=\/wp\/v2\/posts\/869\/revisions\/870"}],"wp:attachment":[{"href":"https:\/\/luisalen.com\/index.php?rest_route=%2Fwp%2Fv2%2Fmedia&parent=869"}],"wp:term":[{"taxonomy":"category","embeddable":true,"href":"https:\/\/luisalen.com\/index.php?rest_route=%2Fwp%2Fv2%2Fcategories&post=869"},{"taxonomy":"post_tag","embeddable":true,"href":"https:\/\/luisalen.com\/index.php?rest_route=%2Fwp%2Fv2%2Ftags&post=869"}],"curies":[{"name":"wp","href":"https:\/\/api.w.org\/{rel}","templated":true}]}}