{"id":876,"date":"2023-08-30T16:45:00","date_gmt":"2023-08-30T16:45:00","guid":{"rendered":"https:\/\/luisalen.com\/?p=876"},"modified":"2024-03-11T16:46:31","modified_gmt":"2024-03-11T16:46:31","slug":"claroscuro","status":"publish","type":"post","link":"https:\/\/luisalen.com\/?p=876","title":{"rendered":"CLAROSCURO"},"content":{"rendered":"\n<p>Claroscuro. Que para la Real Academia Espa\u00f1ola es, entre otras cosas, el \u201cconjunto de rasgos<\/p>\n\n\n\n<p>contradictorios de una persona, de una situaci\u00f3n o de una cosa\u201d. Un pintor lo entender\u00eda<\/p>\n\n\n\n<p>como la \u201cdistribuci\u00f3n muy acusada de la luz y de las sombras en un cuadro\u201d. En el habla<\/p>\n\n\n\n<p>com\u00fan, el claroscuro es eso que no termina de ser ni una cosa ni la otra, eso que todav\u00eda<\/p>\n\n\n\n<p>est\u00e1 indefinido.<\/p>\n\n\n\n<p>Con la situaci\u00f3n que nos toca vivir en estos tiempos, a varios se les ha dado por pensar que<\/p>\n\n\n\n<p>el pa\u00eds atraviesa un claroscuro, uno m\u00e1s de los muchos que se han sucedido a lo largo de<\/p>\n\n\n\n<p>nuestra historia. Que no se ilumina de una vez por todas y que parece contar con varios<\/p>\n\n\n\n<p>protagonistas empe\u00f1ados en apagarnos por completo.<\/p>\n\n\n\n<p>Muchos de los apagadores trabajan para empresas due\u00f1as de medios de comunicaci\u00f3n, lo<\/p>\n\n\n\n<p>que hace que haya gente que cree que son periodistas. Pero no lo son. Simplemente es<\/p>\n\n\n\n<p>gente que con mayor o menor habilidad, cumple las instrucciones que recibe de sus<\/p>\n\n\n\n<p>patrones. Entonces, en vez de informar, desinforman o incurren en otros vicios.<\/p>\n\n\n\n<p>Veamos lo que al respecto dijo Francisco: &#8220;La desinformaci\u00f3n es uno de los pecados del<\/p>\n\n\n\n<p>periodismo, que son cuatro: la desinformaci\u00f3n, cuando un periodista no informa o informa<\/p>\n\n\n\n<p>mal; la calumnia (que a veces se usa); la difamaci\u00f3n, que es diferente de la calumnia pero<\/p>\n\n\n\n<p>destruye; y el cuarto es (&#8230;) el amor al esc\u00e1ndalo&#8221;. El clarinete mentiroso nos cuenta que,<\/p>\n\n\n\n<p>adem\u00e1s, \u201cEl pont\u00edfice argentino insisti\u00f3 en que las manipulaciones que m\u00e1s le preocupan son<\/p>\n\n\n\n<p>las que buscan orientar la opini\u00f3n p\u00fablica&#8221; (26\/08\/2023).<\/p>\n\n\n\n<p>Con ese prisma, sucede que los empleados de la Tribuna de Doctrina terminan por ser unos<\/p>\n\n\n\n<p>pecadores irredentos. Empezando por sus editorialistas. Van unos ejemplos: el 29\/08\/2023 se<\/p>\n\n\n\n<p>quejan: \u201cLos Brics: una opci\u00f3n inconveniente e inoportuna\u201d. Sostienen que \u201cTeniendo en<\/p>\n\n\n\n<p>cuenta que los dos principales candidatos presidenciales que competir\u00e1n con el<\/p>\n\n\n\n<p>oficialismo, Javier Milei y Patricia Bullrich, han manifestado su oposici\u00f3n a la incorporaci\u00f3n<\/p>\n\n\n\n<p>de la Argentina a los Brics, lo menos que debi\u00f3 hacer el actual primer mandatario era<\/p>\n\n\n\n<p>consultarlos\u201d. Que uno sepa, hasta diciembre de este a\u00f1o el presidente sigue siendo Alberto<\/p>\n\n\n\n<p>Fern\u00e1ndez, aunque no se esfuerce mucho en demostrarlo.<\/p>\n\n\n\n<p>El comercio argentino con los Brics asciende a un 30% del total. Los cinco integrantes<\/p>\n\n\n\n<p>originales de los Brics -Brasil, Rusia, India, China y Sud\u00e1frica- conforman \u201cm\u00e1s del 42% de la<\/p>\n\n\n\n<p>poblaci\u00f3n mundial, el 30% del territorio mundial, el 23% del PIB y el 18% del comercio<\/p>\n\n\n\n<p>internacional. Contribuyen con el 16% de las exportaciones y el 15% de las<\/p>\n\n\n\n<p>importaciones mundiales de bienes y servicios\u201d (Perfil, 24\/08\/2023). Agrego, por las m\u00edas,<\/p>\n\n\n\n<p>que contra lo que ocurre con Estados Unidos, sus exportaciones no compiten con las<\/p>\n\n\n\n<p>tradicionales de nuestro pa\u00eds.<\/p>\n\n\n\n<p>Pero volvamos a la editorial del pasqu\u00edn de los Mitre-Saguier: dice que \u201clamentablemente,<\/p>\n\n\n\n<p>durante las gestiones presidenciales kirchneristas y, en particular, a lo largo del gobierno de<\/p>\n\n\n\n<p>Alberto Fern\u00e1ndez, nuestro pa\u00eds ha carecido de una pol\u00edtica exterior coherente al servicio de<\/p>\n\n\n\n<p>los intereses nacionales y respetuosa de los valores que nos transmitieron los padres<\/p>\n\n\n\n<p>fundadores de la patria\u201d. \u00bfA qu\u00e9 padres fundadores se refiere? Seguro que no a Moreno,<\/p>\n\n\n\n<p>Belgrano, Artigas o San Mart\u00edn, por citar unos pocos. No, para LA NACI\u00d3N los \u201cpadres<\/p>\n\n\n\n<p>fundadores\u201d son Mitre, Sarmiento, Roca. Los que sobre la sangre del gauchaje y de los<\/p>\n\n\n\n<p>pueblos originarios construyeron el modelo de estado-naci\u00f3n olig\u00e1rquico que fue fiel a los<\/p>\n\n\n\n<p>intereses de la Gran Breta\u00f1a que era la potencia hegem\u00f3nica de aquellos tiempos. \u00bfValores?<\/p>\n\n\n\n<p>\u00bfLas masacres de las montoneras federales del Chacho Pe\u00f1aloza, Felipe Varela y Ricardo<\/p>\n\n\n\n<p>L\u00f3pez Jord\u00e1n, del heroico pueblo paraguayo que sigui\u00f3 a Francisco Solano L\u00f3pez, de los<\/p>\n\n\n\n<p>pobladores de la Patagonia, son el ejemplo que hay que seguir?<\/p>\n\n\n\n<p>Un discurso siempre fiel a los intereses de las minor\u00edas que se sienten c\u00f3modas cuando<\/p>\n\n\n\n<p>responden a los dictados de la potencia de turno. Porque el escriba de turno se pregunta<\/p>\n\n\n\n<p>\u201c\u00bfO acaso los argentinos podemos sentirnos identificados con el af\u00e1n belicista o con las<\/p>\n\n\n\n<p>violaciones de los derechos humanos que imperan en algunos de los pa\u00edses que conforman<\/p>\n\n\n\n<p>ese grupo?\u201d, pero no lo hace en relaci\u00f3n a la conducta de los Estados Unidos y sus aliados,<\/p>\n\n\n\n<p>responsables de los peores cr\u00edmenes de la guerra desde hace ya largo tiempo. No, para LA<\/p>\n\n\n\n<p>NACI\u00d3N \u201cnuestro lugar est\u00e1 en el mundo occidental y democr\u00e1tico\u201d. Cuesti\u00f3n de d\u00f3nde nos<\/p>\n\n\n\n<p>ubicamos, porque el Occidente de ellos est\u00e1 a nuestro Oriente, y su concepto de la<\/p>\n\n\n\n<p>democracia poco tiene que ver con el del gobierno del pueblo, por el pueblo y para el<\/p>\n\n\n\n<p>pueblo, en la cl\u00e1sica definici\u00f3n de Lincoln.<\/p>\n\n\n\n<p>Salgamos de los desinformadores y vamos a otros cultores de la oscuridad. La candidata a<\/p>\n\n\n\n<p>viceintendenta de General Ram\u00edrez, en Entre R\u00edos, por los mal llamados libertarios, se llama<\/p>\n\n\n\n<p>Mariela Weimer. Y Dene opiniones como esta: \u201ctenemos los 40 a\u00f1os de democracia del se\u00f1or<\/p>\n\n\n\n<p>Alfons\u00edn, que por qu\u00e9 en vez de darnos 40 a\u00f1os de democracia, no nos dio un a\u00f1o de<\/p>\n\n\n\n<p>democracia y 40 a\u00f1os de milicos y estar\u00edamos mejor\u201d: Bien oscura, la candidata. Un a\u00f1o de<\/p>\n\n\n\n<p>luz y cuarenta de dictadura.<\/p>\n\n\n\n<p>Otro ejemplo. La candidata a vicepresidenta de la misma facci\u00f3n, Victoria Villarruel, es<\/p>\n\n\n\n<p>conocida por sus posturas negacionistas y reivindicadoras de los genocidas. Seg\u00fan los dichos<\/p>\n\n\n\n<p>del esposo de Cecilia Pando -la misma que amenazaba con el degu\u0308ello a Eduardo Luis<\/p>\n\n\n\n<p>Duhalde en los juicios por cr\u00edmenes de lesa humanidad- \u00e9l conoci\u00f3 nada menos que a Videla<\/p>\n\n\n\n<p>en las visitas que organizaba Villarruel al domicilio del dictador, con el grupo de J\u00f3venes por<\/p>\n\n\n\n<p>la Verdad. Bueno, van m\u00e1s contribuciones a la oscuridad por parte de la candidata y su<\/p>\n\n\n\n<p>\u201cplan motosierra para las Pol\u00edticas de Memoria, Verdad y Justicia: un ataque al museo que<\/p>\n\n\n\n<p>funciona en la ESMA, instalar los dos demonios en el Parque de la Memoria, poner en duda<\/p>\n\n\n\n<p>los juicios contra los genocidas y tildar a los organismos de derechos humanos de<\/p>\n\n\n\n<p>parciales\u201d (P\u00e1gina12, 27\/08\/2023).<\/p>\n\n\n\n<p>No acaban ah\u00ed los aportes oscurecientes de Villarruel: hablando para La Naci\u00f3n+ -d\u00f3nde, si<\/p>\n\n\n\n<p>no-, sostuvo que \u201cEn el caso del secretario de Derechos Humanos, Pietragalla, es hijo de<\/p>\n\n\n\n<p>dos combatientes de organizaciones armadas que cometieron actos de terrorismo. En el<\/p>\n\n\n\n<p>caso de Victoria Montenegro \u2013que tambi\u00e9n se dedica a difamarme e injuriarme\u2013 es hija<\/p>\n\n\n\n<p>de combatientes del Ej\u00e9rcito Revolucionario del Pueblo\u201d. Atacar a dos nietos recuperados,<\/p>\n\n\n\n<p>que por serlo son v\u00edctimas tambi\u00e9n de la dictadura terrorista que tanto a\u00f1ora la candidata,<\/p>\n\n\n\n<p>es la exposici\u00f3n de un pensamiento retr\u00f3grado, discriminador y repulsivo por donde se lo<\/p>\n\n\n\n<p>mire. Habr\u00eda que preguntarle, tambi\u00e9n, c\u00f3mo sabe que los padres de los insultados<\/p>\n\n\n\n<p>cometieron actos de terrorismo. Porque no hay causas donde hayan sido condenados, sino<\/p>\n\n\n\n<p>claras pruebas de que fueron v\u00edctimas de las desapariciones forzadas que practicaban los<\/p>\n\n\n\n<p>admirados por esta persona.<\/p>\n\n\n\n<p>Tal vez profetizado por Charly Garc\u00eda cuando cant\u00f3 que \u201chay un horrible monstruo con<\/p>\n\n\n\n<p>peluca que es due\u00f1o en parte de esta ciudad de locos\u201d (Superh\u00e9roes), el sombrerero loco<\/p>\n\n\n\n<p>que es jefe de estas dos negacionistas dej\u00f3 para la radio colombiana Nocturna RCN una de<\/p>\n\n\n\n<p>las definiciones que lo caracterizan: \u201c\u00bfQu\u00e9 es en el fondo un socialista? Es una basura, un<\/p>\n\n\n\n<p>excremento humano&#8221;. Vale la respuesta del presidente de Colombia, Gustavo Petro: \u201cesto<\/p>\n\n\n\n<p>dec\u00eda Hitler\u201d (Clar\u00edn, 29\/08\/2023).<\/p>\n\n\n\n<p>Un \u00faltimo ejemplo de los que viven arrojando sombras. En un programa de Canal 13,<\/p>\n\n\n\n<p>Maggie Vigil se burl\u00f3 de personas de los pueblos originarios, lo que fue celebrado por sus<\/p>\n\n\n\n<p>amigotes del piso, comandados por Fabi\u00e1n Doman. La respuesta de los agredidos demostr\u00f3<\/p>\n\n\n\n<p>una dignidad de la que claramente carec\u00edan la notera y sus c\u00f3mplices. El conductor lleg\u00f3 a<\/p>\n\n\n\n<p>decir: \u201ctampoco que me d\u00e9 clases de moral\u201d.<\/p>\n\n\n\n<p>Sin embargo, hace tiempo que necesita esas lecciones. Seg\u00fan una edici\u00f3n del diario espa\u00f1ol<\/p>\n\n\n\n<p>El Mundo, \u201cEl 2 de junio de 1997, en el programa sensacionalista televisivo Fen\u00f3meno Real,<\/p>\n\n\n\n<p>del conductor Mauro Viale, el periodista Fabi\u00e1n Doman, present\u00f3 una serie de documentos<\/p>\n\n\n\n<p>atribuidos al Batall\u00f3n 601 del Ej\u00e9rcito que sumaban 40 hojas sobre la detenci\u00f3n de Perrota<\/p>\n\n\n\n<p>incluyendo la transcripci\u00f3n literal del interrogatorio al que fue sometido los d\u00edas 15 y 16 de<\/p>\n\n\n\n<p>junio de 1976, explicando que le hab\u00edan sido entregados por personas seguramente<\/p>\n\n\n\n<p>vinculadas con el aparato represivo de la dictadura militar\u201d (\u201cLas torturas de los militares<\/p>\n\n\n\n<p>argentinos, registradas en fichas\u201d, 04\/06\/1997). Alejandra Dandan escribi\u00f3 en el diario<\/p>\n\n\n\n<p>P\u00e1gina12 sobre \u201clo que sucedi\u00f3 con los interrogatorios tomados bajo tortura a los <\/p>\n\n\n\n<p>detenidos-desaparecidos.<\/p>\n\n\n\n<p>Una hip\u00f3tesis indica que circularon y se comercializaron despu\u00e9s de la<\/p>\n\n\n\n<p>dictadura y algunos sirvieron de pasto para siniestros programas de televisi\u00f3n\u201d (\u201cSe vend\u00edan<\/p>\n\n\n\n<p>los interrogatorios\u201d, 16\/10\/2012).<\/p>\n\n\n\n<p>El problema que nos queda, despu\u00e9s de tantos ataques a la luz, que los iluminadores son<\/p>\n\n\n\n<p>pocos y por ahora se quedan en destellos que no alcanzan a disipar las tinieblas. Una vez<\/p>\n\n\n\n<p>m\u00e1s, la Patria, ese sue\u00f1o compartido, ese peligro que florece al que le cantaba Marechal, se<\/p>\n\n\n\n<p>va cubriendo de oscuridad. Todav\u00eda queda tiempo. Aunque a algunos que se creen<\/p>\n\n\n\n<p>superados y ya no creen en los pensadores del pasado les resulte cansador, voy a recurrir<\/p>\n\n\n\n<p>una vez m\u00e1s a Antonio Gramsci. Porque como el insigne italiano dec\u00eda, \u201cEl viejo mundo se<\/p>\n\n\n\n<p>muere, el nuevo tarda en aparecer. Y en ese claroscuro surgen los monstruos\u201d. A prender las<\/p>\n\n\n\n<p>luces, para que eso no nos pase.<\/p>\n","protected":false},"excerpt":{"rendered":"<p>Claroscuro. Que para la Real Academia Espa\u00f1ola es, entre otras cosas, el \u201cconjunto de rasgos&#8230;<\/p>\n","protected":false},"author":1,"featured_media":0,"comment_status":"open","ping_status":"open","sticky":false,"template":"","format":"standard","meta":{"footnotes":""},"categories":[17],"tags":[],"class_list":["post-876","post","type-post","status-publish","format-standard","hentry","category-contra-mitre"],"_links":{"self":[{"href":"https:\/\/luisalen.com\/index.php?rest_route=\/wp\/v2\/posts\/876","targetHints":{"allow":["GET"]}}],"collection":[{"href":"https:\/\/luisalen.com\/index.php?rest_route=\/wp\/v2\/posts"}],"about":[{"href":"https:\/\/luisalen.com\/index.php?rest_route=\/wp\/v2\/types\/post"}],"author":[{"embeddable":true,"href":"https:\/\/luisalen.com\/index.php?rest_route=\/wp\/v2\/users\/1"}],"replies":[{"embeddable":true,"href":"https:\/\/luisalen.com\/index.php?rest_route=%2Fwp%2Fv2%2Fcomments&post=876"}],"version-history":[{"count":1,"href":"https:\/\/luisalen.com\/index.php?rest_route=\/wp\/v2\/posts\/876\/revisions"}],"predecessor-version":[{"id":877,"href":"https:\/\/luisalen.com\/index.php?rest_route=\/wp\/v2\/posts\/876\/revisions\/877"}],"wp:attachment":[{"href":"https:\/\/luisalen.com\/index.php?rest_route=%2Fwp%2Fv2%2Fmedia&parent=876"}],"wp:term":[{"taxonomy":"category","embeddable":true,"href":"https:\/\/luisalen.com\/index.php?rest_route=%2Fwp%2Fv2%2Fcategories&post=876"},{"taxonomy":"post_tag","embeddable":true,"href":"https:\/\/luisalen.com\/index.php?rest_route=%2Fwp%2Fv2%2Ftags&post=876"}],"curies":[{"name":"wp","href":"https:\/\/api.w.org\/{rel}","templated":true}]}}