{"id":892,"date":"2023-11-14T19:03:00","date_gmt":"2023-11-14T19:03:00","guid":{"rendered":"https:\/\/luisalen.com\/?p=892"},"modified":"2024-03-11T19:04:19","modified_gmt":"2024-03-11T19:04:19","slug":"la-recta-final","status":"publish","type":"post","link":"https:\/\/luisalen.com\/?p=892","title":{"rendered":"LA RECTA FINAL"},"content":{"rendered":"\n<p>&#8220;Pas\u00f3 el debate. Que sirvi\u00f3 para mostrar la supina ignorancia del antes aullante y ahora adormecido candidato liber(o)tario1. Como su mayor temor (y el de los que lo manejan en las sombras) era reaccionar -como es su costumbre- con gritos y con insultos, lo aplacaron tanto que solo atin\u00f3 a balbucear mientas su oponente lo acribillaba a preguntas por s\u00ed o por no. Desorientado, sac\u00f3 a la luz su tremendo desconocimiento de c\u00f3mo funciona un gobierno. Claro, si su \u00fanica propuesta parece ser la destrucci\u00f3n del Estado.<br>Vamos a eso. Dice el Diccionario de la Real Academia Espa\u00f1ola que Estado es un \u201cpa\u00eds soberano, reconocido como tal en el orden internacional, asentado en un territorio determinado y dotado de \u00f3rganos de gobierno propio\u201d, o una \u201cforma de organizaci\u00f3n pol\u00edtica, dotada de poder soberano e independiente, que integra la poblaci\u00f3n de un territorio\u201d, y tambi\u00e9n el \u201cconjunto de los poderes y \u00f3rganos de gobierno de un pa\u00eds soberano\u201d.<br>A su vez, la Convenci\u00f3n de Montevideo sobre los derechos y deberes de los Estados define como rasgos que caracterizan a un Estado la poblaci\u00f3n permanente, el territorio determinado, el gobierno y la capacidad de entrar en relaciones con los dem\u00e1s Estados (art. 1, 26-12-1933).<br>Con esas definiciones y caracter\u00edsticas, queda claro que el peluc\u00f3n desquiciado lo que pretende es reducir la poblaci\u00f3n, desintegrar el territorio, eliminar todas las potestades de un gobierno (excepto la represi\u00f3n, tema sobre el cual volveremos) y no entrar en relaciones con un buen n\u00famero de Estados. Justamente aquellos que constituyen, hoy por hoy, los principales socios comerciales de la Argentina.<br>En relaci\u00f3n a esto \u00faltimo, uno de los m\u00e1s grandes disparates fue la afirmaci\u00f3n de que el comercio internacional estar\u00eda en manos de los privados, sin intervenci\u00f3n de los Estados. O sea, chau Organizaci\u00f3n Mundial del Comercio, basta de regulaciones fitosanitarias, nada de pol\u00edticas arancelarias. Para graficarlo de la manera m\u00e1s simple y grosera posible, tal propuesta significa que el puestero de panchos de la estaci\u00f3n Haedo deber\u00e1 pedirle a Lula permiso para vender sus salchichas en Recife. Con cuidado, eso s\u00ed, porque al candidato no le gustan nada los comunistas. Y Lula (como la gran mayor\u00eda de habitantes de este planeta) entra en esa calificaci\u00f3n, de acuerdo a los par\u00e1metros del motosierrista.<br>Mientras que su oponente desgranaba veintid\u00f3s propuestas concretas -la mayor\u00eda de ellas relativa a la educaci\u00f3n p\u00fablica- al adormilado melenudo -que us\u00f3 cincuenta y cinco veces la muletilla \u201cdigamos\u201d- solo se le ocurri\u00f3 confundir a las fuerzas armadas con las fuerzas de seguridad, equiparar a la guerra de Malvinas con un partido de f\u00fatbol (para peor, cambi\u00e1ndole la nacionalidad a Johan Cruyff), y reafirmar su admiraci\u00f3n por Margaret Thatcher, la misma que orden\u00f3 hundir al General Belgrano fuera de la zona de exclusi\u00f3n, causando la muerte de cientos de argentinos.<\/p>\n\n\n\n<p>Eso s\u00ed, como sus entrenadores le machacaron la idea de que no insultara a las mujeres, para satisfacer su misoginia y su machirulismo solo se le ocurri\u00f3 agredir no muy veladamente a la mujer de su oponente. Al d\u00eda siguiente nos enteramos de los por qu\u00e9 de su comportamiento err\u00e1tico: nos aclar\u00f3 que o\u00eda toses (que ning\u00fan otro de los asistentes a la Facultad de Derecho escuch\u00f3) y que se distrajo pensando en qu\u00e9 hac\u00eda Wado de Pedro con su celular. Los memes que r\u00e1pidamente reprodujeron las redes sociales esbozaron otra teor\u00eda: no pudo escuchar los consejos de Conan (su perro muerto y clonado) pero no por las toses imaginarias sino porque el pobre can no le perdon\u00f3 que ahora lo maneje un gato.<br>Tanto desastre acumulado oblig\u00f3 hasta a los columnistas de la Tribuna de Doctrina a reconocer que su candidato hab\u00eda perdido el debate. Pero eso no los priv\u00f3 de salir al rescate con las mismas armas de siempre: desinformaci\u00f3n, noticias falsas, discursos de odio. El conductor de LA NACI\u00d3N+ Luis Novaresio, con la falta de fundamentos que caracteriza sus intervenciones, dio por buenas las excusas del peluc\u00f3n: \u201cEllos inventan la in\ufb02aci\u00f3n y niegan formar parte del Gobierno, mir\u00e1 si no te van a toser\u201d, y agreg\u00f3 \u201cContrariamente a lo que todos cre\u00edamos, entre los que me cuento, el arrollador modo de Sergio Massa no consigui\u00f3 el \u00fanico objetivo que se plante\u00f3 Javier Milei, que era no sacarse\u201d, lo que equivale a decir que Massa no consigui\u00f3 que Milei no se sacara. Antes los periodistas sab\u00edan hablar y escribir, sin contradecirse a cada paso. Su compa\u00f1era de pantalla, D\u00e9bora Plager, opt\u00f3 por el empate: \u201cSi me abstraigo un poco, la conclusi\u00f3n del debate es que uno sali\u00f3 airoso porque no se puso loco, y el otro sali\u00f3 airoso porque no tuvo que explicar el 130% de in\ufb02aci\u00f3n que le pertenece. \u00a1Qu\u00e9 pobreza!\u201d2.<br>Pobreza es lo que desparraman los medios de los Mitre-Saguier (\u00bfy Macri?). Como no tienen nada bueno que decir de su candidato, recaen en viejas pr\u00e1cticas y hablan de las causas que supuestamente complican al odiado kirchnerismo y al candidato de Uni\u00f3n por la Patria. \u201cLa fiscal Betina Lacki pidi\u00f3 al juez de La Plata Federico Atencio que dicte la prisi\u00f3n preventiva del puntero del PJ Julio \u2018Chocolate\u2019 Rigau en un indicio de que tiene un caso como para llevarlo a juicio por asociaci\u00f3n il\u00edcita y fraude contra la administraci\u00f3n p\u00fablica. Al mismo tiempo, la ONG Poder Ciudadano, que es querellante en la causa, pidi\u00f3 la detenci\u00f3n del concejal massista Facundo Albini (Frente Renovador) y de su padre Claudio Albini, subdirector de personal de la C\u00e1mara de Diputados bonaerense, acusados de integrar esa asociaci\u00f3n il\u00edcita\u201d, dice una nota3. Adivinen el por qu\u00e9 del apuro.<br>Otra cuenta que \u201cla Coalici\u00f3n C\u00edvica (CC) present\u00f3 una denuncia penal contra Malena Galmarini, presidenta de AySA, y contra Mauricio Filiberti, due\u00f1o de Transclor SA. Filiberti es uno de los empresarios amigos del candidato a presidente y actual ministro de Econom\u00eda, Sergio Massa, marido de Galmarini. La CC pidi\u00f3 que se los investigara por una contrataci\u00f3n supuestamente plagada de irregularidades y los acus\u00f3 de los delitos de &#8220;fraude a la administraci\u00f3n p\u00fablica y violaci\u00f3n de los deberes de funcionario\u201d. Lo raro del caso es que ya existe una causa anterior por este tema, y que la empresa entreg\u00f3 toda la documentaci\u00f3n que le fue requerida sin que haya existido pronunciamiento alguno que corrobore la existencia de alg\u00fan delito. Aunque con los jueces de Comodoro Py nunca se sabe4.<br>Carlos Pagni esboza una curiosa tesis: que el que se desempe\u00f1\u00f3 mejor durante el debate no es necesariamente el que lo gan\u00f3. Una contradicci\u00f3n que trata de explicar con ejemplos diversos: los debates de Felipe Gonz\u00e1lez y Jos\u00e9 Mar\u00eda Aznar (Espa\u00f1a, 1993) y de Ra\u00fal Baglini y Jos\u00e9 Octavio Bord\u00f3n (Mendoza, 1987), en los que los que supuestamente mejor se desempe\u00f1aron (Gonz\u00e1lez y Baglini) fueron derrotados por sus oponentes. M\u00e1s tarde cuenta que \u201dSeguramente esta semana vamos a ver bastante a Victoria Villarruel porque en el equipo de Milei han decidido que dado que hizo, seg\u00fan ellos, un buen papel delante de Agust\u00edn Rossi en el debate de los vicepresidentes en TN, de la semana pasada, debe exponerse m\u00e1s en el tramo final\u201d. Y cierra con un mensaje pesimista: \u201cLa crisis est\u00e1 y la crisis sigue. Del mismo modo que si gana Milei, que sigue apostando a una idea de dolarizaci\u00f3n, que el mercado la entiende como un repudio al peso. Ese repudio, de acelerarse m\u00e1s, aumentar\u00eda los niveles de inflaci\u00f3n en grados que no conocemos. Este es el horizonte oscuro que se le presenta a la vida material de los argentinos y es un horizonte que seguramente el debate no logr\u00f3 ni de lejos iluminar siquiera un poco\u201d5.<br>Al menos en algo Pagni acert\u00f3. La apologista de la dictadura genocida apareci\u00f3 con todo: fiel a su costumbre, declar\u00f3 que \u201cUn predio como el de la ESMA, son 17 hect\u00e1reas que podr\u00edan ser disfrutadas por todo el pueblo argentino, sobre todo porque en su momento estaban destinadas a ser escuelas, y lo que m\u00e1s necesitamos son escuelas\u201d. Como siempre, sus palabras encierran una falsedad. En el predio de la ESMA funcionaban las escuelas de la Armada, que al ser convertido en el Espacio para la Memoria y para la promoci\u00f3n de los Derechos Humanos fueron trasladadas a un nuevo terreno. Para ser claros: las escuelas siguen, y la ESMA pas\u00f3 de ser el recuerdo vivo el terror m\u00e1s abyecto a ser un sitio de esperanza, a punto tal que la UNESCO declar\u00f3 a su Museo como Patrimonio de la Humanidad.<br>Quienes visitan el predio aprenden sobre nuestro pasado y se previenen contra un futuro como el que desear\u00eda Villarruel, que agreg\u00f3, siempre en el mismo tono, que \u201cel \u00e1rea de Derechos Humanos ha sido un verdadero agujero negro para la entrega de subsidios, bienes del Estado, e indemnizaciones\u201d. Lo cual es otra de sus mentiras. El Estado debe cumplir con el deber de reparar los da\u00f1os que causaron quienes usurparon el gobierno y lo transformaron en un Estado terrorista. Como el padre y el t\u00edo de la candidata. De los genocidas es la responsabilidad, no de la democracia.<br>Lo \u00faltimo de la apologista del terror estatal fue una nueva embestida contra la ley de interrupci\u00f3n voluntaria del embarazo. \u201cDefinida como \u2018provida\u2019 cuestion\u00f3 los alcances de la &#8220;normativa\u201d. Lo dijo sin ning\u00fan pudor, cuando se la pasa alabando a la muerte y al horror. Si estuviera a favor de la vida, repudiar\u00eda a la dictadura a la que tanto elogia.<br>En fin. Estamos en la recta final. Todo est\u00e1 claro, las cartas est\u00e1n jugadas y lo \u00fanico que resta es que el pueblo ejerza su derecho soberano a elegir al futuro mandatario y lo haga en defensa de los derechos conquistados que otros piensan arrasar. En memoria de los ca\u00eddos por Malvinas y de las v\u00edctimas de la dictadura genocida. Para que exista un futuro, sin duda duro y complejo. Pero para que nunca m\u00e1s vuelva el pasado tenebroso. Que as\u00ed sea.<\/p>\n\n\n\n<p>1 Otario: Tonto, necio, f\u00e1cil de embaucar (Diccionario de la Real Academia Espa\u00f1ola)<\/p>\n\n\n\n<p>2 LA NACI\u00d3N, 14-11-2023: Luis Novaresio critic\u00f3 a Sergio Massa por ir \u201ca toser al debate\u201d para incomodar a Javier Milei: \u201cMostr\u00f3 la hilacha\u201d<br>3 LA NACI\u00d3N, 14-11-2023, Hern\u00e1n Cappiello: \u201c\u00d1oquis en la Legislatura: apuran el juicio de Chocolate Rigau y piden la detenci\u00f3n del concejal massista Albini y de su padre\u201d<br>4 LA NACI\u00d3N, 14-11-2023: \u201cLa Coalici\u00f3n C\u00edvica denunci\u00f3 penalmente a Malena Galmarini y al empresario Mauricio Filiberti por un contrato millonario para la provisi\u00f3n de cloro\u201d.<br>5 LA NACI\u00d3N, 14-11-2023, Carlos Pagni: \u201cClaves de la campa\u00f1a en la semana \ufb01nal\u201d.&#8221;                                   6 LA NACI\u00d3N, 14-11-2023: Victoria Villarruel sum\u00f3 otra pol\u00e9mica sobre Derechos Humanos: \u201cLa ESMA son 17 hect\u00e1reas que podr\u00edan ser disfrutadas por todo el pueblo\u201d<\/p>\n\n\n\n<p><\/p>\n","protected":false},"excerpt":{"rendered":"<p>&#8220;Pas\u00f3 el debate. Que sirvi\u00f3 para mostrar la supina ignorancia del antes aullante y ahora&#8230;<\/p>\n","protected":false},"author":1,"featured_media":0,"comment_status":"open","ping_status":"open","sticky":false,"template":"","format":"standard","meta":{"footnotes":""},"categories":[17],"tags":[],"class_list":["post-892","post","type-post","status-publish","format-standard","hentry","category-contra-mitre"],"_links":{"self":[{"href":"https:\/\/luisalen.com\/index.php?rest_route=\/wp\/v2\/posts\/892","targetHints":{"allow":["GET"]}}],"collection":[{"href":"https:\/\/luisalen.com\/index.php?rest_route=\/wp\/v2\/posts"}],"about":[{"href":"https:\/\/luisalen.com\/index.php?rest_route=\/wp\/v2\/types\/post"}],"author":[{"embeddable":true,"href":"https:\/\/luisalen.com\/index.php?rest_route=\/wp\/v2\/users\/1"}],"replies":[{"embeddable":true,"href":"https:\/\/luisalen.com\/index.php?rest_route=%2Fwp%2Fv2%2Fcomments&post=892"}],"version-history":[{"count":1,"href":"https:\/\/luisalen.com\/index.php?rest_route=\/wp\/v2\/posts\/892\/revisions"}],"predecessor-version":[{"id":893,"href":"https:\/\/luisalen.com\/index.php?rest_route=\/wp\/v2\/posts\/892\/revisions\/893"}],"wp:attachment":[{"href":"https:\/\/luisalen.com\/index.php?rest_route=%2Fwp%2Fv2%2Fmedia&parent=892"}],"wp:term":[{"taxonomy":"category","embeddable":true,"href":"https:\/\/luisalen.com\/index.php?rest_route=%2Fwp%2Fv2%2Fcategories&post=892"},{"taxonomy":"post_tag","embeddable":true,"href":"https:\/\/luisalen.com\/index.php?rest_route=%2Fwp%2Fv2%2Ftags&post=892"}],"curies":[{"name":"wp","href":"https:\/\/api.w.org\/{rel}","templated":true}]}}